{"id":4030,"date":"2014-12-20T23:09:49","date_gmt":"2014-12-20T21:09:49","guid":{"rendered":"http:\/\/www.elainklinikkakotisalo.fi\/milfeddyg\/?p=4030"},"modified":"2014-12-20T23:09:49","modified_gmt":"2014-12-20T21:09:49","slug":"kiertopalkintoja","status":"publish","type":"post","link":"http:\/\/www.elainklinikkakotisalo.fi\/milfeddyg\/kiertopalkintoja\/","title":{"rendered":"Kiertopalkintoja"},"content":{"rendered":"<p>Sill\u00e4 aikaa kun j\u00e4nnitimme Hollannissa loppukehi\u00e4, vietettiin Imatralla Kaakkois- Suomen spanielikerhon pikkujouluja. Perinteen mukaisesti pikkujouluissa jaettiin valiopokaalit vuoden aikana valioituneille koirille ja kiertopalkinnot eri harrastusaloilla ansioituneille koirille.<\/p>\n<p>Osasin odottaa, ett\u00e4 Kelmi saisi viel\u00e4 t\u00e4n\u00e4kin vuonna agilitykiertopalkinnon. Haastajia kyll\u00e4 oli t\u00e4n\u00e4kin vuonna, mutta palkintos\u00e4\u00e4nn\u00f6t painottavat kolmosluokan tuloksia niin selv\u00e4sti, ett\u00e4 alempien luokkien koirakot eiv\u00e4t kyenneet antamaan Kelmille viimeisen\u00e4k\u00e4\u00e4n kisavuonna vastusta. Kelmi kisasi lokakuussa viimeisen kerran virallisissa aglilitykisoissa ja j\u00e4i el\u00e4kkeelle. Ep\u00e4virallisissa kisoissa k\u00e4ymme kyll\u00e4\u00a0 edelleenkin minikoirien luokassa. Ja viikottain harjoittelemme omissa harjoituksissa.<\/p>\n<p>Agility kiertopalkinnon lis\u00e4ksi Kelmille tuli t\u00e4n\u00e4kin vuonna parhaan veteraanin palkinto ja &#8221;Lent\u00e4v\u00e4 hollantilainen&#8221;, joka jaetaan kooikerhondjelle n\u00e4yttely- ja koetulosten perusteella. Lent\u00e4v\u00e4 hollantilainen on taulu, joka esitt\u00e4\u00e4 Kelmi\u00e4.<\/p>\n<p>N\u00e4iden lis\u00e4ksi kerho palkitsi viel\u00e4 veteraani maailmanvoittajan komealla pokaalilla.<\/p>\n<p>&nbsp;<\/p>\n<div id=\"attachment_4032\" style=\"width: 310px\" class=\"wp-caption aligncenter\"><a href=\"http:\/\/www.elainklinikkakotisalo.fi\/milfeddyg\/wp-content\/uploads\/2014\/12\/IMG_1834.jpg\" rel=\"lightbox[4030]\"><img loading=\"lazy\" decoding=\"async\" aria-describedby=\"caption-attachment-4032\" class=\"size-medium wp-image-4032\" src=\"http:\/\/www.elainklinikkakotisalo.fi\/milfeddyg\/wp-content\/uploads\/2014\/12\/IMG_1834-300x200.jpg\" alt=\"Kelmi ja kiertopalkinnot\" width=\"300\" height=\"200\" srcset=\"http:\/\/www.elainklinikkakotisalo.fi\/milfeddyg\/wp-content\/uploads\/2014\/12\/IMG_1834-300x200.jpg 300w, http:\/\/www.elainklinikkakotisalo.fi\/milfeddyg\/wp-content\/uploads\/2014\/12\/IMG_1834.jpg 1024w\" sizes=\"auto, (max-width: 300px) 100vw, 300px\" \/><\/a><p id=\"caption-attachment-4032\" class=\"wp-caption-text\">Kelmi ja kiertopalkinnot<\/p><\/div>\n<p>&nbsp;<\/p>\n<p>Aikamoinen kultapoika Kelmi on ollut t\u00e4n\u00e4kin vuonna!<\/p>\n<p>Tulikin mieleen, ett\u00e4 sin\u00e4 kes\u00e4n\u00e4, kun Lempi oli astutettu, k\u00e4vin ennustajan pakeilla. Ennustaja kertoi, ett\u00e4 meille syntyy koiranpentuja. H\u00e4n kertoi my\u00f6s, ett\u00e4 j\u00e4t\u00e4n itselleni yhden urospennun ja hyv\u00e4 koira siit\u00e4 tuleekin ja siit\u00e4 on minulle iloa pitk\u00e4ksi aikaa.<\/p>\n<p>Vaikka Prinka ei palkintoja saanutkaan, on se mit\u00e4 kaunein kooikerineito. T\u00e4ss\u00e4 yksi kuva Prinkastakin.<\/p>\n<div id=\"attachment_4033\" style=\"width: 310px\" class=\"wp-caption aligncenter\"><a href=\"http:\/\/www.elainklinikkakotisalo.fi\/milfeddyg\/wp-content\/uploads\/2014\/12\/IMG_1837.jpg\" rel=\"lightbox[4030]\"><img loading=\"lazy\" decoding=\"async\" aria-describedby=\"caption-attachment-4033\" class=\"size-medium wp-image-4033\" src=\"http:\/\/www.elainklinikkakotisalo.fi\/milfeddyg\/wp-content\/uploads\/2014\/12\/IMG_1837-300x200.jpg\" alt=\"Prinka 1,5 v\" width=\"300\" height=\"200\" srcset=\"http:\/\/www.elainklinikkakotisalo.fi\/milfeddyg\/wp-content\/uploads\/2014\/12\/IMG_1837-300x200.jpg 300w, http:\/\/www.elainklinikkakotisalo.fi\/milfeddyg\/wp-content\/uploads\/2014\/12\/IMG_1837.jpg 1024w\" sizes=\"auto, (max-width: 300px) 100vw, 300px\" \/><\/a><p id=\"caption-attachment-4033\" class=\"wp-caption-text\">Prinka 1,5 v<\/p><\/div>\n<p>&nbsp;<\/p>\n<p>&nbsp;<\/p>\n","protected":false},"excerpt":{"rendered":"<p>Sill\u00e4 aikaa kun j\u00e4nnitimme Hollannissa loppukehi\u00e4, vietettiin Imatralla Kaakkois- Suomen spanielikerhon pikkujouluja. Perinteen mukaisesti pikkujouluissa jaettiin valiopokaalit vuoden aikana valioituneille koirille ja kiertopalkinnot eri harrastusaloilla ansioituneille koirille. Osasin odottaa, ett\u00e4 Kelmi saisi viel\u00e4 t\u00e4n\u00e4kin vuonna agilitykiertopalkinnon. Haastajia kyll\u00e4 oli t\u00e4n\u00e4kin vuonna, mutta palkintos\u00e4\u00e4nn\u00f6t painottavat kolmosluokan tuloksia niin selv\u00e4sti, ett\u00e4 alempien luokkien koirakot eiv\u00e4t kyenneet antamaan [&hellip;]<\/p>\n","protected":false},"author":3,"featured_media":0,"comment_status":"open","ping_status":"open","sticky":false,"template":"","format":"standard","meta":{"footnotes":""},"categories":[1],"tags":[],"class_list":["post-4030","post","type-post","status-publish","format-standard","hentry","category-blogi"],"_links":{"self":[{"href":"http:\/\/www.elainklinikkakotisalo.fi\/milfeddyg\/wp-json\/wp\/v2\/posts\/4030","targetHints":{"allow":["GET"]}}],"collection":[{"href":"http:\/\/www.elainklinikkakotisalo.fi\/milfeddyg\/wp-json\/wp\/v2\/posts"}],"about":[{"href":"http:\/\/www.elainklinikkakotisalo.fi\/milfeddyg\/wp-json\/wp\/v2\/types\/post"}],"author":[{"embeddable":true,"href":"http:\/\/www.elainklinikkakotisalo.fi\/milfeddyg\/wp-json\/wp\/v2\/users\/3"}],"replies":[{"embeddable":true,"href":"http:\/\/www.elainklinikkakotisalo.fi\/milfeddyg\/wp-json\/wp\/v2\/comments?post=4030"}],"version-history":[{"count":2,"href":"http:\/\/www.elainklinikkakotisalo.fi\/milfeddyg\/wp-json\/wp\/v2\/posts\/4030\/revisions"}],"predecessor-version":[{"id":4034,"href":"http:\/\/www.elainklinikkakotisalo.fi\/milfeddyg\/wp-json\/wp\/v2\/posts\/4030\/revisions\/4034"}],"wp:attachment":[{"href":"http:\/\/www.elainklinikkakotisalo.fi\/milfeddyg\/wp-json\/wp\/v2\/media?parent=4030"}],"wp:term":[{"taxonomy":"category","embeddable":true,"href":"http:\/\/www.elainklinikkakotisalo.fi\/milfeddyg\/wp-json\/wp\/v2\/categories?post=4030"},{"taxonomy":"post_tag","embeddable":true,"href":"http:\/\/www.elainklinikkakotisalo.fi\/milfeddyg\/wp-json\/wp\/v2\/tags?post=4030"}],"curies":[{"name":"wp","href":"https:\/\/api.w.org\/{rel}","templated":true}]}}