{"id":4021,"date":"2014-12-19T23:00:13","date_gmt":"2014-12-19T21:00:13","guid":{"rendered":"http:\/\/www.elainklinikkakotisalo.fi\/milfeddyg\/?p=4021"},"modified":"2014-12-19T23:00:13","modified_gmt":"2014-12-19T21:00:13","slug":"rally-tokoa-riihimaella","status":"publish","type":"post","link":"http:\/\/www.elainklinikkakotisalo.fi\/milfeddyg\/rally-tokoa-riihimaella\/","title":{"rendered":"Rally-tokoa Riihim\u00e4ell\u00e4"},"content":{"rendered":"<p>Viikko Hollannin reissun j\u00e4lkeen oltiin taas menossa &#8211; t\u00e4ll\u00e4 kertaa rally-toko ry:n\u00a0 kisaan Riihim\u00e4elle. Kuten tiedet\u00e4\u00e4n, on rally-tokokisoihin todella vaikeaa p\u00e4\u00e4st\u00e4, vaikka ilmoittautuu heti ilmoittautumislinkin auettua. T\u00e4ll\u00e4 kertaa olin saanut Kelmin toiselle varasijalle mestariluokkaan ja Prinka ei mahtunut edes jonotuslistalle. Pari p\u00e4iv\u00e4\u00e4 ennen kisaa tuli ilmoitus, ett\u00e4 Kelmi on saanut paikan. Sinne siis aamulla ani varhain ajelememaan. Kisapaikkana oli Naurava Koira &#8211; koiraharrastushalli.<\/p>\n<p>Kisap\u00e4iv\u00e4 alkoi mestariluokalla. Tuomari oli laatinut mukavan tuntuisen radan. Itsell\u00e4 oli rento olo, ett\u00e4 kyll\u00e4 t\u00e4st\u00e4 selvit\u00e4\u00e4n. K\u00e4yt\u00f6sruudun teht\u00e4v\u00e4 kyll\u00e4 tuntui etuk\u00e4teenkin vaikealta: koira seisoo oikella puolella 3 min.\u00a0 Kisapaikka oli melko ahdas ja radalle valmistautuvalla koiralla ei juurikaan ollut rauhaa ennen radalle l\u00e4ht\u00f6\u00e4. Kelmi k\u00e4vi aika kovilla kierroksilla ennen kisasuoritusta. Se oli kyll\u00e4 hyv\u00e4n tuulinen, mutta h\u00f6ss\u00f6tt\u00e4minen ja intoilu ei tiennyt hyv\u00e4\u00e4 kisasuoritusta ajatellen. Yritin rauhoitella sit\u00e4 ennen radalle l\u00e4ht\u00f6\u00e4.<\/p>\n<div id=\"attachment_4025\" style=\"width: 310px\" class=\"wp-caption aligncenter\"><a href=\"http:\/\/www.elainklinikkakotisalo.fi\/milfeddyg\/wp-content\/uploads\/2014\/12\/IMG_1839.jpg\" rel=\"lightbox[4021]\"><img loading=\"lazy\" decoding=\"async\" aria-describedby=\"caption-attachment-4025\" class=\"size-medium wp-image-4025\" src=\"http:\/\/www.elainklinikkakotisalo.fi\/milfeddyg\/wp-content\/uploads\/2014\/12\/IMG_1839-300x200.jpg\" alt=\"mestariluokan ratapiirros \" width=\"300\" height=\"200\" srcset=\"http:\/\/www.elainklinikkakotisalo.fi\/milfeddyg\/wp-content\/uploads\/2014\/12\/IMG_1839-300x200.jpg 300w, http:\/\/www.elainklinikkakotisalo.fi\/milfeddyg\/wp-content\/uploads\/2014\/12\/IMG_1839.jpg 1024w\" sizes=\"auto, (max-width: 300px) 100vw, 300px\" \/><\/a><p id=\"caption-attachment-4025\" class=\"wp-caption-text\">mestariluokan ratapiirros<\/p><\/div>\n<p>&nbsp;<\/p>\n<p>Videoltakin huomaa, ett\u00e4 pappa k\u00e4vi aika kierroksilla. Virheit\u00e4 tuli matkan varrella useassa teht\u00e4v\u00e4paikassa. Peruutuksessa en saanut Kelpoa suoristettua alussa ja se peruutti vinoon p\u00e4in kyltti\u00e4; siit\u00e4 tuli 8 virhepistett\u00e4. 270 astetta k\u00e4\u00e4nn\u00f6s ep\u00e4onnistui t\u00e4ysin ja siit\u00e4 10 virhepistett\u00e4. Puolenvaihto edess\u00e4- teht\u00e4v\u00e4ss\u00e4 oli my\u00f6s vaikeuksia ja siit\u00e4 meni 3 virhepistett\u00e4. &#8221;valkovuokko&#8221;-k\u00e4\u00e4nn\u00f6s oli jotian muuta kuin valkovuokko ja\u00a0 siit\u00e4 10 virhepistett\u00e4. Pari kertaa Kelmille tuli pakottava tarve raapia kaulaansa, eik\u00e4 se pystynyt kutinaltaan k\u00e4velem\u00e4\u00e4n, niist\u00e4 meni pari pistett\u00e4. Maaliin p\u00e4\u00e4sty\u00e4 sille tuli voimakas ysk\u00e4nkohtaus. Olisikohan sen kurkkua kaivanut radallakin ja siksi raapi kaulaansa? K\u00e4yt\u00f6sruudussa k\u00e4vi kuten pelk\u00e4sin: kahden minuutin kohdalla Kelmille riitti seist\u00e4 j\u00f6k\u00f6tt\u00e4minen ja se istahti. Siit\u00e4 taas 10 virhepistett\u00e4. Virhesaldo 46 virhepistett\u00e4, joten j\u00e4ljelle j\u00e4\u00e4neet 54 pistett\u00e4 eiv\u00e4t riitt\u00e4neet hyv\u00e4ksyttyyn suoritukseen. Rally-toko on ylemmiss\u00e4 luokissa jo herkk\u00e4\u00e4 ja vaativaa. Ei t\u00e4st\u00e4 lannistuta. Yksi tulos kumminkin on jo alla, joten kyll\u00e4 me ne loputkin kaksi viel\u00e4 saadaan.<\/p>\n<p>Harmi kyll\u00e4 en osaa pienent\u00e4\u00e4 videoita niin, ett\u00e4 ne saisi liitetty\u00e4 t\u00e4h\u00e4n artikkeliin.<\/p>\n<p>Olin ilmoittautumisessa heti aamulla kertonut, ett\u00e4 minulla on avoimen luokan koira mukana, jos viime tingassa sattuu joku j\u00e4\u00e4m\u00e4\u00e4n pois kisasta niin voimme paikata. Ja niin k\u00e4vikin, ett\u00e4 Kelmin suorituksen j\u00e4lkeen minulle kerrottiin, ett\u00e4 Prinka mahtuu avoimen luokan kisaan. \ud83d\ude42<\/p>\n<div id=\"attachment_4026\" style=\"width: 310px\" class=\"wp-caption aligncenter\"><a href=\"http:\/\/www.elainklinikkakotisalo.fi\/milfeddyg\/wp-content\/uploads\/2014\/12\/IMG_1840.jpg\" rel=\"lightbox[4021]\"><img loading=\"lazy\" decoding=\"async\" aria-describedby=\"caption-attachment-4026\" class=\"size-medium wp-image-4026\" src=\"http:\/\/www.elainklinikkakotisalo.fi\/milfeddyg\/wp-content\/uploads\/2014\/12\/IMG_1840-300x200.jpg\" alt=\"avoimen luokan ratapiirros\" width=\"300\" height=\"200\" srcset=\"http:\/\/www.elainklinikkakotisalo.fi\/milfeddyg\/wp-content\/uploads\/2014\/12\/IMG_1840-300x200.jpg 300w, http:\/\/www.elainklinikkakotisalo.fi\/milfeddyg\/wp-content\/uploads\/2014\/12\/IMG_1840.jpg 1024w\" sizes=\"auto, (max-width: 300px) 100vw, 300px\" \/><\/a><p id=\"caption-attachment-4026\" class=\"wp-caption-text\">avoimen luokan ratapiirros<\/p><\/div>\n<p>&nbsp;<\/p>\n<p>Endimme k\u00e4yd\u00e4 v\u00e4lill\u00e4 sy\u00f6m\u00e4ss\u00e4 ja parin tunnin j\u00e4lkeen oli Prinkan vuoro. Prinka teki tarkkaa ty\u00f6t\u00e4 hyv\u00e4ll\u00e4 vireell\u00e4. Muutama virhe kuitenkin mahtui t\u00e4llekin radalle. Yhdell\u00e4 kyltill\u00e4 tuli 10 virhepistett\u00e4, kun laskin peruuttavat askeleet v\u00e4\u00e4rin. \ud83d\ude41\u00a0 Muuten tuli vain pikkuvirheit\u00e4. Pari kertaa Prinka haisteli lyhyesti maata- niist\u00e4 yksi virhepiste kummastakin.\u00a0 Yhden k\u00e4\u00e4nn\u00f6ksen uusin, kun Prinka ei l\u00e4htenyt siihen mukaan &#8211; siit\u00e4 3 virhepistett\u00e4. Onneksi uusittu teht\u00e4v\u00e4 meni oikein. Radan pistesaldoksi j\u00e4i 83 pistett\u00e4, mik\u00e4 riitti loistavasti hyv\u00e4ksyttyyn tulokseen. Nyt Prinkalla on siis kaksi tulosta avoimesta luokasta ja yht\u00e4 vailla siirtoa voittajaluokkaan.<\/p>\n<p>Seuraavia kisoja suunnitellaan helmikuulle. Toivottavasti taas mahdutaan mukaan yritt\u00e4m\u00e4\u00e4n. Kaakonkulmillakin on nyt muutama koetoimitsijakurssin k\u00e4ynyt rally-tokoilija, joten t\u00e4nnekin p\u00e4in saadaan j\u00e4rjestetty\u00e4\u00a0 ensi vuonna ainakin pari kisaa. Min\u00e4kin olen k\u00e4ynyt koetomitsija &#8211; 1 kurssin ja menen jatkokurssillekin jahka sellainen j\u00e4rjestet\u00e4\u00e4n t\u00e4\u00e4ll\u00e4 p\u00e4in Suomea.<\/p>\n<p>Kirjoittelen t\u00e4t\u00e4 juttua aivan joulun alla. Jouluvalmistelut on hyv\u00e4ll\u00e4 mallillaan. Ja mik\u00e4 on ollessa, kun t\u00e4n\u00e4 vuonna p\u00e4\u00e4sen jouluvalmisteluissa helpolla. Viet\u00e4n joulua Harrin kanssa Kuusamon m\u00f6kill\u00e4 kera Lempin ja Prinkan . Kahden ihmisen m\u00f6kkijouluun ei paljoa tarvitse h\u00f6ss\u00f6tt\u00e4\u00e4 ja Harri k\u00e4y ruokatarvikkeetkin ostamassa valmiiksi. Minun tarvitsee vain tulla paikalle. Niin- Kelmi ei l\u00e4hde mukaan, koska Prinka aloitti juoksun muutama p\u00e4iv\u00e4 sitten ja t\u00e4rppip\u00e4iv\u00e4t sattuvat joulup\u00e4iv\u00e4\u00e4n. Kelmi j\u00e4\u00e4 joulunviettoon Siljan ja Panun luo. Viet\u00e4mme tytt\u00e4rien ja v\u00e4vyjen kansaa &#8221;esijoulua&#8221; t\u00e4n\u00e4 viikonloppuna ja vaihdamme lahjoja. Siljalla ja Sallalla on el\u00e4m\u00e4ss\u00e4\u00e4n ensimm\u00e4ist\u00e4 kertaa oma joulu omassa kodissaan &#8211; varmaan mukava ja rentouttava kokemus sekin.<\/p>\n<p><a href=\"http:\/\/www.elainklinikkakotisalo.fi\/milfeddyg\/wp-content\/uploads\/2014\/12\/IMG_1912.jpg\" rel=\"lightbox[4021]\"><img loading=\"lazy\" decoding=\"async\" class=\"alignleft size-medium wp-image-4027\" src=\"http:\/\/www.elainklinikkakotisalo.fi\/milfeddyg\/wp-content\/uploads\/2014\/12\/IMG_1912-300x233.jpg\" alt=\"IMG_1912\" width=\"300\" height=\"233\" srcset=\"http:\/\/www.elainklinikkakotisalo.fi\/milfeddyg\/wp-content\/uploads\/2014\/12\/IMG_1912-300x233.jpg 300w, http:\/\/www.elainklinikkakotisalo.fi\/milfeddyg\/wp-content\/uploads\/2014\/12\/IMG_1912.jpg 1024w\" sizes=\"auto, (max-width: 300px) 100vw, 300px\" \/><\/a><a href=\"http:\/\/www.elainklinikkakotisalo.fi\/milfeddyg\/wp-content\/uploads\/2014\/12\/IMG_1921.jpg\" rel=\"lightbox[4021]\"><img loading=\"lazy\" decoding=\"async\" class=\"alignright size-medium wp-image-4028\" src=\"http:\/\/www.elainklinikkakotisalo.fi\/milfeddyg\/wp-content\/uploads\/2014\/12\/IMG_1921-300x200.jpg\" alt=\"IMG_1921\" width=\"300\" height=\"200\" srcset=\"http:\/\/www.elainklinikkakotisalo.fi\/milfeddyg\/wp-content\/uploads\/2014\/12\/IMG_1921-300x200.jpg 300w, http:\/\/www.elainklinikkakotisalo.fi\/milfeddyg\/wp-content\/uploads\/2014\/12\/IMG_1921.jpg 1024w\" sizes=\"auto, (max-width: 300px) 100vw, 300px\" \/><\/a><\/p>\n<p>&nbsp;<\/p>\n<p>&nbsp;<\/p>\n<p>&nbsp;<\/p>\n<p>&nbsp;<\/p>\n<p>&nbsp;<\/p>\n<p>&nbsp;<\/p>\n<p>&nbsp;<\/p>\n<p>&nbsp;<\/p>\n<p>&nbsp;<\/p>\n","protected":false},"excerpt":{"rendered":"<p>Viikko Hollannin reissun j\u00e4lkeen oltiin taas menossa &#8211; t\u00e4ll\u00e4 kertaa rally-toko ry:n\u00a0 kisaan Riihim\u00e4elle. Kuten tiedet\u00e4\u00e4n, on rally-tokokisoihin todella vaikeaa p\u00e4\u00e4st\u00e4, vaikka ilmoittautuu heti ilmoittautumislinkin auettua. T\u00e4ll\u00e4 kertaa olin saanut Kelmin toiselle varasijalle mestariluokkaan ja Prinka ei mahtunut edes jonotuslistalle. Pari p\u00e4iv\u00e4\u00e4 ennen kisaa tuli ilmoitus, ett\u00e4 Kelmi on saanut paikan. Sinne siis aamulla ani [&hellip;]<\/p>\n","protected":false},"author":3,"featured_media":0,"comment_status":"open","ping_status":"open","sticky":false,"template":"","format":"standard","meta":{"footnotes":""},"categories":[1],"tags":[],"class_list":["post-4021","post","type-post","status-publish","format-standard","hentry","category-blogi"],"_links":{"self":[{"href":"http:\/\/www.elainklinikkakotisalo.fi\/milfeddyg\/wp-json\/wp\/v2\/posts\/4021","targetHints":{"allow":["GET"]}}],"collection":[{"href":"http:\/\/www.elainklinikkakotisalo.fi\/milfeddyg\/wp-json\/wp\/v2\/posts"}],"about":[{"href":"http:\/\/www.elainklinikkakotisalo.fi\/milfeddyg\/wp-json\/wp\/v2\/types\/post"}],"author":[{"embeddable":true,"href":"http:\/\/www.elainklinikkakotisalo.fi\/milfeddyg\/wp-json\/wp\/v2\/users\/3"}],"replies":[{"embeddable":true,"href":"http:\/\/www.elainklinikkakotisalo.fi\/milfeddyg\/wp-json\/wp\/v2\/comments?post=4021"}],"version-history":[{"count":4,"href":"http:\/\/www.elainklinikkakotisalo.fi\/milfeddyg\/wp-json\/wp\/v2\/posts\/4021\/revisions"}],"predecessor-version":[{"id":4029,"href":"http:\/\/www.elainklinikkakotisalo.fi\/milfeddyg\/wp-json\/wp\/v2\/posts\/4021\/revisions\/4029"}],"wp:attachment":[{"href":"http:\/\/www.elainklinikkakotisalo.fi\/milfeddyg\/wp-json\/wp\/v2\/media?parent=4021"}],"wp:term":[{"taxonomy":"category","embeddable":true,"href":"http:\/\/www.elainklinikkakotisalo.fi\/milfeddyg\/wp-json\/wp\/v2\/categories?post=4021"},{"taxonomy":"post_tag","embeddable":true,"href":"http:\/\/www.elainklinikkakotisalo.fi\/milfeddyg\/wp-json\/wp\/v2\/tags?post=4021"}],"curies":[{"name":"wp","href":"https:\/\/api.w.org\/{rel}","templated":true}]}}