{"id":3999,"date":"2014-12-19T00:13:08","date_gmt":"2014-12-18T22:13:08","guid":{"rendered":"http:\/\/www.elainklinikkakotisalo.fi\/milfeddyg\/?p=3999"},"modified":"2014-12-20T23:12:47","modified_gmt":"2014-12-20T21:12:47","slug":"hollannin-kooikeriyhdistyksen-erikoisnayttely-22-11-2014","status":"publish","type":"post","link":"http:\/\/www.elainklinikkakotisalo.fi\/milfeddyg\/hollannin-kooikeriyhdistyksen-erikoisnayttely-22-11-2014\/","title":{"rendered":"Hollannin kooikeriyhdistyksen erikoisn\u00e4yttely 22.11.2014"},"content":{"rendered":"<p>Hollannin kooikeriyhdistyksen vuosittain j\u00e4rjest\u00e4m\u00e4\u00a0 kooikereiden erikoisn\u00e4yttely Klubmatch pidettiin t\u00e4n\u00e4 vuonna Hollannin Zuphenissa 22.11.\u00a0 N\u00e4yttely\u00e4 edelt\u00e4v\u00e4n\u00e4 p\u00e4iv\u00e4n\u00e4 eri maiden jalostustoimikuntien j\u00e4senet kokoontuivat kansainv\u00e4liseen kooikereiden jalostusseminaariin naapurikaupunkiin Deventeriin. Suomea l\u00e4htiv\u00e4t edustamaan jalostustoimikunnan puheenjohtaja Merja Suomalainen ja jalostustoimikunnan j\u00e4sen Henna Palmunen. Henna aikoi j\u00e4\u00e4d\u00e4 my\u00f6s n\u00e4yttely\u00e4 seuraamaan, vaikka h\u00e4nell\u00e4 ei t\u00e4ll\u00e4 kertaa ollutkaan koiraa mukana. Yst\u00e4v\u00e4ni Henna sai minutkin innostumaan n\u00e4yttelyst\u00e4. Koska Kelmill\u00e4 oli t\u00e4m\u00e4 veteraanivuosi mennyt erityisen hyvin, teki mieleni l\u00e4hte\u00e4 katsomaan, miten pappa sijoittuisi veteraanijoukossa rodun kotimaassa. Ja ajattelin, ett\u00e4 siin\u00e4h\u00e4n tuo menisi Prinkakin samalla kyydill\u00e4.<\/p>\n<p>Ilmoittautuessa idea tuntui loistavalta. Olisi mukava matkustaa samalla lennolla Hennan ja Merjan kanssa ja majoituskin j\u00e4rjestyi samasta hotellista. Matkan l\u00e4hestyess\u00e4 alkoi kyll\u00e4 kaduttaa. Tuntui niin turhalta l\u00e4hte\u00e4 Hollantiin asti rahtautumaan ja koiria stressaamaan lennoilla.\u00a0 Mutta kun majoitus oli varattu, lennot ja ilmoittautumismaksut maksettu\u00a0 niin olihan sit\u00e4 matkaan l\u00e4hdett\u00e4v\u00e4.<\/p>\n<p>Lentoa edelt\u00e4v\u00e4n\u00e4 iltana majoituin Helsinki-Vantaan lentokentt\u00e4\u00e4 l\u00e4hell\u00e4 olevaan Cumulushotelliin koska lentokent\u00e4ll\u00e4 piti olla perjantaina 21.11.\u00a0 jo aamlla ani varhain. Olin huolella tarkistanut, ett\u00e4 koirien passit ja rokotukset olivat varmasti kunnossa ja heisimatol\u00e4\u00e4kkeet mukana. L\u00e4ht\u00f6selvitys meni mutkattomasti ja hyv\u00e4stelin koirat, kun henkil\u00f6kunta l\u00e4hti viem\u00e4\u00e4n Kelmi\u00e4 ja Prinkaa boxissaan koneeseen. Sitten turvatarkastukseen menness\u00e4ni muistin \u00e4kki\u00e4 ett\u00e4 olin unohtanut oman passini kotiin! L\u00e4hd\u00f6n h\u00f6t\u00e4k\u00e4ss\u00e4 minulle ei ollut lainkaan tullut\u00a0 mieleen, ett\u00e4 passi pit\u00e4isi ottaa mukaan, vaikka koirien passeja huolehdin viimeisen p\u00e4\u00e4lle. Virkailija turvatarkastuksessa kehoitti\u00a0 tiedustelemaan Finnairin edustajalta, miten menetell\u00e4. Sain asian selvitetty\u00e4 ja sain luvan lent\u00e4\u00e4, vaikka minulla oli todisteena vain ajokortti. Virkailija kyll\u00e4 varoitti, ett\u00e4 Amsterdamissa saattaa tulla ongelmia. Menomatka meni oikein mukavasti Hennan ja Merjan seurassa. Lensimme suoraan Amsterdamiin ja jatkoimme sielt\u00e4 junalla Deventeriin. Rautatieasemalta p\u00e4\u00e4simme bussilla Hotellille, johon majoituimme ja jossa my\u00f6s jalostusneuvottelu pidettiin.<\/p>\n<p>Deventer oli kaunis keskisuuri kaupunki ja hotelli sijaitsi kaupungin laidalla rauhallisella puistomaisella alueella kanavien ymp\u00e4r\u00f6im\u00e4n\u00e4.<\/p>\n<div id=\"attachment_4003\" style=\"width: 310px\" class=\"wp-caption alignleft\"><a href=\"http:\/\/www.elainklinikkakotisalo.fi\/milfeddyg\/wp-content\/uploads\/2014\/12\/IMG_1787.jpg\" rel=\"lightbox[3999]\"><img loading=\"lazy\" decoding=\"async\" aria-describedby=\"caption-attachment-4003\" class=\"size-medium wp-image-4003\" src=\"http:\/\/www.elainklinikkakotisalo.fi\/milfeddyg\/wp-content\/uploads\/2014\/12\/IMG_1787-300x200.jpg\" alt=\"Liisa, Prinka ja Kelmi kanavan varressa. \" width=\"300\" height=\"200\" srcset=\"http:\/\/www.elainklinikkakotisalo.fi\/milfeddyg\/wp-content\/uploads\/2014\/12\/IMG_1787-300x200.jpg 300w, http:\/\/www.elainklinikkakotisalo.fi\/milfeddyg\/wp-content\/uploads\/2014\/12\/IMG_1787.jpg 1024w\" sizes=\"auto, (max-width: 300px) 100vw, 300px\" \/><\/a><p id=\"caption-attachment-4003\" class=\"wp-caption-text\">Liisa, Prinka ja Kelmi kanavan varressa.<\/p><\/div>\n<div id=\"attachment_4004\" style=\"width: 310px\" class=\"wp-caption alignright\"><a href=\"http:\/\/www.elainklinikkakotisalo.fi\/milfeddyg\/wp-content\/uploads\/2014\/12\/IMG_1794.jpg\" rel=\"lightbox[3999]\"><img loading=\"lazy\" decoding=\"async\" aria-describedby=\"caption-attachment-4004\" class=\"size-medium wp-image-4004\" src=\"http:\/\/www.elainklinikkakotisalo.fi\/milfeddyg\/wp-content\/uploads\/2014\/12\/IMG_1794-300x200.jpg\" alt=\"maisemaa l\u00e4hell\u00e4 hotellia\" width=\"300\" height=\"200\" srcset=\"http:\/\/www.elainklinikkakotisalo.fi\/milfeddyg\/wp-content\/uploads\/2014\/12\/IMG_1794-300x200.jpg 300w, http:\/\/www.elainklinikkakotisalo.fi\/milfeddyg\/wp-content\/uploads\/2014\/12\/IMG_1794.jpg 1024w\" sizes=\"auto, (max-width: 300px) 100vw, 300px\" \/><\/a><p id=\"caption-attachment-4004\" class=\"wp-caption-text\">maisemaa l\u00e4hell\u00e4 hotellia<\/p><\/div>\n<p>&nbsp;<\/p>\n<p>&nbsp;<\/p>\n<p>&nbsp;<\/p>\n<p>&nbsp;<\/p>\n<p>&nbsp;<\/p>\n<p>&nbsp;<\/p>\n<p>&nbsp;<\/p>\n<p>&nbsp;<\/p>\n<p>&nbsp;<\/p>\n<p>Min\u00e4kin sain osallistua jalostusneuvotteluun, vaikka en ollut siihen etuk\u00e4teen ilmoittautunut. Koko iltap\u00e4iv\u00e4n ja illan kest\u00e4v\u00e4 seminaari oli mielenkiintoinen. Saimme kuulla ulkomuototuomarin seikkaper\u00e4isen selvityksen kooikerin rotum\u00e4\u00e4ritelm\u00e4st\u00e4,\u00a0 koiran rakenteesta, rodun tyypillisist\u00e4 ominaisuuksista ja rakennevirheist\u00e4. Sen j\u00e4lkeen jokaisen maan edustaja esitteli t\u00e4m\u00e4n hetkiset\u00a0 jalostuksen p\u00e4\u00e4tavoitteet ja ongelmakohdat omassa maassaan. Oli mielenkiintoista huomata miten erilaisia kennelj\u00e4rjest\u00f6jen toiminta on eri maissa. Suomen Kennelliitto on edell\u00e4k\u00e4vij\u00e4 kattavan ja kaikille avoimen jalostustietoj\u00e4rjestelm\u00e4n ansiosta. Ja on hienoa, ett\u00e4 suomalaiset koirankasvattajat ovat hyvin sitoutuneita noudattamaan jalostusohjeita ilman pakkoa. Seminaarin lopuksi saimme kuulla viel\u00e4 genetiikan tohtorin\u00a0 mielenkiintoisen luennon sukusiitos asteen lis\u00e4\u00e4ntymisest\u00e4 suljetussa populaatiossa. Iltalenkin j\u00e4lkeen uni maistui rankan p\u00e4iv\u00e4n j\u00e4lkeen.<\/p>\n<div id=\"attachment_4005\" style=\"width: 310px\" class=\"wp-caption alignleft\"><a href=\"http:\/\/www.elainklinikkakotisalo.fi\/milfeddyg\/wp-content\/uploads\/2014\/12\/IMG_1810.jpg\" rel=\"lightbox[3999]\"><img loading=\"lazy\" decoding=\"async\" aria-describedby=\"caption-attachment-4005\" class=\"size-medium wp-image-4005\" src=\"http:\/\/www.elainklinikkakotisalo.fi\/milfeddyg\/wp-content\/uploads\/2014\/12\/IMG_1810-300x200.jpg\" alt=\"Prinka lep\u00e4ilee\" width=\"300\" height=\"200\" srcset=\"http:\/\/www.elainklinikkakotisalo.fi\/milfeddyg\/wp-content\/uploads\/2014\/12\/IMG_1810-300x200.jpg 300w, http:\/\/www.elainklinikkakotisalo.fi\/milfeddyg\/wp-content\/uploads\/2014\/12\/IMG_1810.jpg 1024w\" sizes=\"auto, (max-width: 300px) 100vw, 300px\" \/><\/a><p id=\"caption-attachment-4005\" class=\"wp-caption-text\">Prinka lep\u00e4ilee<\/p><\/div>\n<div id=\"attachment_4006\" style=\"width: 310px\" class=\"wp-caption alignright\"><a href=\"http:\/\/www.elainklinikkakotisalo.fi\/milfeddyg\/wp-content\/uploads\/2014\/12\/IMG_1813.jpg\" rel=\"lightbox[3999]\"><img loading=\"lazy\" decoding=\"async\" aria-describedby=\"caption-attachment-4006\" class=\"size-medium wp-image-4006\" src=\"http:\/\/www.elainklinikkakotisalo.fi\/milfeddyg\/wp-content\/uploads\/2014\/12\/IMG_1813-300x200.jpg\" alt=\"Kelmi l\u00f6ysi pehme\u00e4n paikan\" width=\"300\" height=\"200\" srcset=\"http:\/\/www.elainklinikkakotisalo.fi\/milfeddyg\/wp-content\/uploads\/2014\/12\/IMG_1813-300x200.jpg 300w, http:\/\/www.elainklinikkakotisalo.fi\/milfeddyg\/wp-content\/uploads\/2014\/12\/IMG_1813.jpg 1024w\" sizes=\"auto, (max-width: 300px) 100vw, 300px\" \/><\/a><p id=\"caption-attachment-4006\" class=\"wp-caption-text\">Kelmi l\u00f6ysi pehme\u00e4n paikan<\/p><\/div>\n<p>&nbsp;<\/p>\n<p>&nbsp;<\/p>\n<p>&nbsp;<\/p>\n<p>&nbsp;<\/p>\n<p>&nbsp;<\/p>\n<p>&nbsp;<\/p>\n<p>&nbsp;<\/p>\n<p>&nbsp;<\/p>\n<p>&nbsp;<\/p>\n<p>Aamulla sitten suuntasimme n\u00e4yttelyyn pieneen naapurikaupunkiin Zupheniin. N\u00e4yttelypaikka oli suuren urheilukeskuksen meluisa urheiluhalli. Kooikereita oli n\u00e4yttelyss\u00e4 noin\u00a0 170, uroksia noin 70 ja loput narttuja. Veteraaniuroksia oli 6 kpl ja Pinkan luokassa nuortenluokan narttuja 14.\u00a0 Arvostelu- urakka oli jaettu nelj\u00e4lle tuomarille. Veteraaniurokset arvosteli W.F. Arxhoek.\u00a0 H\u00e4n piti kaikkia veteraaniuroksia ERI:n arvoisena ja niist\u00e4\u00a0 4 parasta selvitti tiens\u00e4 loppukilpailuun, Kelmi niiden joukossa. Koiria ei t\u00e4ss\u00e4 vaiheessa laitettu paremmuusj\u00e4rjestykseen.\u00a0 Klubmatcissa kilpailuarvistelu tapahtuu vasta loppukeh\u00e4ss\u00e4, johon p\u00e4\u00e4see jokaisesta luokasta nelj\u00e4 parasta erin saanutta koiraa. SA:ta ei t\u00e4ss\u00e4 n\u00e4yttelyss\u00e4 jaeta. Kuten sanottua, Prinkan luokassa eli nuortenluokassa oli 14 narttua, joista vain 4 kpl sai ERI:n ja p\u00e4\u00e4si kilpailuluokkaan. Prinka sai laatuarvostelussa EH. Prinka esiintyi hyvin ja sai siist\u00e4 kehujakin, mutta tuomari l\u00f6ysi siit\u00e4 yht\u00e4 sun toista moitittavaa, joka tiputti laatuarvostelua.<\/p>\n<p><strong>Prinkan asvostelu<\/strong>:Wery nice presented young female, wich is too long in body. Coat from quality but needs to grow longer. Very little earrings. Good head with correct details. Front legs not straight, turns out the feet. Much quarters behind. Back deeds to be stronger. Very long tail, wich carried in o curl. Shows a very energique mevement. EH<\/p>\n<p>Kun kaikki luokat oli saatu laatuarvostelun osalta valmiiksi, alkoi j\u00e4nnitys tiivisty\u00e4 kilpailuluokkien k\u00e4ynnistyess\u00e4. Kilpailuluokassa veteraaniurokset arvosteli F. Lochs-Romans. Kelmi oli loistavalla tuulella ja nautti esiintymises\u00e4 aivan fiiliksiss\u00e4.\u00a0 Pappa liiteli p\u00e4\u00e4 pystyss\u00e4 ja naama hymyss\u00e4 sellaista ravia, ett\u00e4 jalat tuskin koskettivat lattiaa. Ja min\u00e4kin nautin tuollaisen koiran esitt\u00e4misest\u00e4. Tuomari ihmetteli koiran ik\u00e4\u00e4 ( 11v) , kun luuli sit\u00e4 8 vuotiaaksi. Kelmi oli veteraaneista vanhin mutta\u00a0 voitti luokkansa kirkkaasti. Kisa jatkui siis paras uros-kilpailuun.<\/p>\n<p>Paras uros- kilpailussa kaikki kolme uroksia arvostelleet tuomarit yhdess\u00e4 tekiv\u00e4t ratkaisun voittajasta. N\u00e4yttelyss\u00e4 oli esitetty toinen\u00a0 toistaan kauniimpia valio- ja avoimenluokan koiria, sek\u00e4 nuoria lupauksia. Siksi tuntui hienolta jo sekin, ett\u00e4 olimme selvinneet t\u00e4nne asti.\u00a0 Kelmin into vain parani, kun kisa koveni. Katsoimme toisiimme ja sanoin Kelmille, ett\u00e4 nyt menn\u00e4\u00e4n. Ja niin poika liiti taas hienolla draivilla ymp\u00e4ri keh\u00e4n ja\u00a0 seisoi ryhdikk\u00e4\u00e4n\u00e4 hievahtamatta ja tuomarit valitsivat hienon veteraani-poikani urosten voittajaksi! Liikutuksen ja riemun vallassa k\u00e4ttelin tuomarin ja Hollannin kooikeriyhdistyksen puheenjohtajan ja Kelmikin oli aivan riemuissaan. T\u00e4m\u00e4 voitto tuntui parhaalta n\u00e4yttelyvoitolta ikin\u00e4. T\u00e4ss\u00e4 suuressa joukossa ja rodun kotimaassa.<\/p>\n<div id=\"attachment_4007\" style=\"width: 310px\" class=\"wp-caption alignleft\"><a href=\"http:\/\/www.elainklinikkakotisalo.fi\/milfeddyg\/wp-content\/uploads\/2014\/12\/Kelmi-VSP-3.jpg\" rel=\"lightbox[3999]\"><img loading=\"lazy\" decoding=\"async\" aria-describedby=\"caption-attachment-4007\" class=\"size-medium wp-image-4007\" src=\"http:\/\/www.elainklinikkakotisalo.fi\/milfeddyg\/wp-content\/uploads\/2014\/12\/Kelmi-VSP-3-300x243.jpg\" alt=\"Kelmi VSP\" width=\"300\" height=\"243\" srcset=\"http:\/\/www.elainklinikkakotisalo.fi\/milfeddyg\/wp-content\/uploads\/2014\/12\/Kelmi-VSP-3-300x243.jpg 300w, http:\/\/www.elainklinikkakotisalo.fi\/milfeddyg\/wp-content\/uploads\/2014\/12\/Kelmi-VSP-3.jpg 612w\" sizes=\"auto, (max-width: 300px) 100vw, 300px\" \/><\/a><p id=\"caption-attachment-4007\" class=\"wp-caption-text\">Kelmi VSP<\/p><\/div>\n<div id=\"attachment_4036\" style=\"width: 310px\" class=\"wp-caption alignright\"><a href=\"http:\/\/www.elainklinikkakotisalo.fi\/milfeddyg\/wp-content\/uploads\/2014\/12\/IMG_1831.jpg\" rel=\"lightbox[3999]\"><img loading=\"lazy\" decoding=\"async\" aria-describedby=\"caption-attachment-4036\" class=\"size-medium wp-image-4036\" src=\"http:\/\/www.elainklinikkakotisalo.fi\/milfeddyg\/wp-content\/uploads\/2014\/12\/IMG_1831-300x200.jpg\" alt=\"Kelmi ja palkinnot\" width=\"300\" height=\"200\" srcset=\"http:\/\/www.elainklinikkakotisalo.fi\/milfeddyg\/wp-content\/uploads\/2014\/12\/IMG_1831-300x200.jpg 300w, http:\/\/www.elainklinikkakotisalo.fi\/milfeddyg\/wp-content\/uploads\/2014\/12\/IMG_1831.jpg 1024w\" sizes=\"auto, (max-width: 300px) 100vw, 300px\" \/><\/a><p id=\"caption-attachment-4036\" class=\"wp-caption-text\">Kelmi ja palkinnot<\/p><\/div>\n<p>&nbsp;<\/p>\n<p>&nbsp;<\/p>\n<p>&nbsp;<\/p>\n<p>&nbsp;<\/p>\n<p>&nbsp;<\/p>\n<p>&nbsp;<\/p>\n<p>&nbsp;<\/p>\n<p>&nbsp;<\/p>\n<p>&nbsp;<\/p>\n<p>&nbsp;<\/p>\n<p>Rotunsa parhaan kisan ja klubwinnwer -tittelin voitti avoimen luokan narttu QuNck\u00b4s Favos Noble Noisette ja Kelmi oli siis VSP ja sai Hollannin sertin. Erikoisn\u00e4yttelyn serti on ns tuplaserti eli vastaa kahta normaalia serti\u00e4. Hollannin valioarvoon vaaditaan 5 serti\u00e4, vaikka koira olisi jo ennest\u00e4\u00e4n kansainv\u00e4linen valio. Kelmill\u00e4 on nyt kasassa 3 serti\u00e4. Her\u00e4sip\u00e4 ajatus, ett\u00e4 ent\u00e4 jos&#8230;<\/p>\n<p><strong>Kelmin arvostelu<\/strong>: Male of 11 year old, but he does not show his age and still shows on exellent breedtype. Exellent body proportions with correct quarters. Very nice coat and lovely character.\u00a0 Eri, vet 1, PU 1, VSP, CAC<\/p>\n<p>N\u00e4yttelyss\u00e4 oli muitakin suomalaisia koiria, jotka my\u00f6s sijoittuivat mukavasti: Cirtap\u00b4s Unique Peter\u00a0 v Unika-K oli valioluokan urosten toinen, Oorbellen Mila sai nuortenluokan nartuissa EH, Vitovani\u00b4s Genova D\u00b4casingo sijoittui narttujen pentuluokassa toiseksi.<\/p>\n<p>Yvonne Mattsson oli tullut Ruotsista mukanaan useampi koira. Kelmin poika Mattssons Hyalmar sijoittui fokkerluokassa kolmanneksi laatuarvostelulla EH ja Kelmin pennun pentu Mattssons Meya ( emo Mattssons Lykke on Kelmin pentu) sijoittui narttujen babyluokassa toiseksi. N\u00e4yttelyn j\u00e4lkeen otimme kolmen sukupolven kuvia Kelmist\u00e4, Hyalmarista ja Meyasta.<\/p>\n<div id=\"attachment_4008\" style=\"width: 310px\" class=\"wp-caption alignleft\"><a href=\"http:\/\/www.elainklinikkakotisalo.fi\/milfeddyg\/wp-content\/uploads\/2014\/12\/IMG_1764.jpg\" rel=\"lightbox[3999]\"><img loading=\"lazy\" decoding=\"async\" aria-describedby=\"caption-attachment-4008\" class=\"size-medium wp-image-4008\" src=\"http:\/\/www.elainklinikkakotisalo.fi\/milfeddyg\/wp-content\/uploads\/2014\/12\/IMG_1764-300x200.jpg\" alt=\"3 sukupolvea: is\u00e4 Kelmi, poika Hyalmar, tytt\u00e4ren tyt\u00e4r Meya\" width=\"300\" height=\"200\" srcset=\"http:\/\/www.elainklinikkakotisalo.fi\/milfeddyg\/wp-content\/uploads\/2014\/12\/IMG_1764-300x200.jpg 300w, http:\/\/www.elainklinikkakotisalo.fi\/milfeddyg\/wp-content\/uploads\/2014\/12\/IMG_1764.jpg 1024w\" sizes=\"auto, (max-width: 300px) 100vw, 300px\" \/><\/a><p id=\"caption-attachment-4008\" class=\"wp-caption-text\">3 sukupolvea: is\u00e4 Kelmi, poika Hyalmar, tytt\u00e4ren tyt\u00e4r Meya<\/p><\/div>\n<div id=\"attachment_4009\" style=\"width: 310px\" class=\"wp-caption alignright\"><a href=\"http:\/\/www.elainklinikkakotisalo.fi\/milfeddyg\/wp-content\/uploads\/2014\/12\/IMG_1776.jpg\" rel=\"lightbox[3999]\"><img loading=\"lazy\" decoding=\"async\" aria-describedby=\"caption-attachment-4009\" class=\"size-medium wp-image-4009\" src=\"http:\/\/www.elainklinikkakotisalo.fi\/milfeddyg\/wp-content\/uploads\/2014\/12\/IMG_1776-300x200.jpg\" alt=\"Mattssons Meya 5 kk\" width=\"300\" height=\"200\" srcset=\"http:\/\/www.elainklinikkakotisalo.fi\/milfeddyg\/wp-content\/uploads\/2014\/12\/IMG_1776-300x200.jpg 300w, http:\/\/www.elainklinikkakotisalo.fi\/milfeddyg\/wp-content\/uploads\/2014\/12\/IMG_1776.jpg 1024w\" sizes=\"auto, (max-width: 300px) 100vw, 300px\" \/><\/a><p id=\"caption-attachment-4009\" class=\"wp-caption-text\">Mattssons Meya 5 kk<\/p><\/div>\n<p>&nbsp;<\/p>\n<p>&nbsp;<\/p>\n<p>&nbsp;<\/p>\n<p>&nbsp;<\/p>\n<p>&nbsp;<\/p>\n<p>&nbsp;<\/p>\n<p>&nbsp;<\/p>\n<p>&nbsp;<\/p>\n<div id=\"attachment_4010\" style=\"width: 310px\" class=\"wp-caption alignleft\"><a href=\"http:\/\/www.elainklinikkakotisalo.fi\/milfeddyg\/wp-content\/uploads\/2014\/12\/IMG_1745.jpg\" rel=\"lightbox[3999]\"><img loading=\"lazy\" decoding=\"async\" aria-describedby=\"caption-attachment-4010\" class=\"size-medium wp-image-4010\" src=\"http:\/\/www.elainklinikkakotisalo.fi\/milfeddyg\/wp-content\/uploads\/2014\/12\/IMG_1745-300x200.jpg\" alt=\"Kelmi ja Hyalmar\" width=\"300\" height=\"200\" srcset=\"http:\/\/www.elainklinikkakotisalo.fi\/milfeddyg\/wp-content\/uploads\/2014\/12\/IMG_1745-300x200.jpg 300w, http:\/\/www.elainklinikkakotisalo.fi\/milfeddyg\/wp-content\/uploads\/2014\/12\/IMG_1745.jpg 1024w\" sizes=\"auto, (max-width: 300px) 100vw, 300px\" \/><\/a><p id=\"caption-attachment-4010\" class=\"wp-caption-text\">Kelmi ja Hyalmar ja Yvonne<\/p><\/div>\n<div id=\"attachment_4011\" style=\"width: 310px\" class=\"wp-caption alignright\"><a href=\"http:\/\/www.elainklinikkakotisalo.fi\/milfeddyg\/wp-content\/uploads\/2014\/12\/IMG_1769.jpg\" rel=\"lightbox[3999]\"><img loading=\"lazy\" decoding=\"async\" aria-describedby=\"caption-attachment-4011\" class=\"size-medium wp-image-4011\" src=\"http:\/\/www.elainklinikkakotisalo.fi\/milfeddyg\/wp-content\/uploads\/2014\/12\/IMG_1769-300x200.jpg\" alt=\"Kelmi ja Hyalmar\" width=\"300\" height=\"200\" srcset=\"http:\/\/www.elainklinikkakotisalo.fi\/milfeddyg\/wp-content\/uploads\/2014\/12\/IMG_1769-300x200.jpg 300w, http:\/\/www.elainklinikkakotisalo.fi\/milfeddyg\/wp-content\/uploads\/2014\/12\/IMG_1769.jpg 1024w\" sizes=\"auto, (max-width: 300px) 100vw, 300px\" \/><\/a><p id=\"caption-attachment-4011\" class=\"wp-caption-text\">Kelmi ja Hyalmar<\/p><\/div>\n<p>&nbsp;<\/p>\n<p>&nbsp;<\/p>\n<p>&nbsp;<\/p>\n<p>&nbsp;<\/p>\n<p>&nbsp;<\/p>\n<p>&nbsp;<\/p>\n<p>&nbsp;<\/p>\n<p>&nbsp;<\/p>\n<p>Illan p\u00e4\u00e4tteeksi\u00a0 nostimme kuohuviinilasit Kelmin voitolle ja nautimme hotellilla\u00a0 illallista vilkkaan keskustelun kera Yhdysvaltalaisten kooikerikasvattajien kanssa. Minulla oli kyll\u00e4 ajoittain vaikeuksia pysy\u00e4 mukana keskustelussa, kun tuo jenkkienglanti ei ole aivan vahvoja puoliani. Henna kyll\u00e4 tulkkasi minulle tarvittaessa t\u00e4rkeimm\u00e4t asiat.<\/p>\n<p>Aamulla lenkkeiltiin porukalla hotellin ymp\u00e4rist\u00f6ss\u00e4 ja k\u00e4vimme Hennan kanssa parilla geok\u00e4tk\u00f6ll\u00e4. Henna oli innostunut geok\u00e4tk\u00f6ilyst\u00e4 muutama viikko aiemmin.<\/p>\n<div id=\"attachment_4012\" style=\"width: 310px\" class=\"wp-caption alignleft\"><a href=\"http:\/\/www.elainklinikkakotisalo.fi\/milfeddyg\/wp-content\/uploads\/2014\/12\/IMG_1789.jpg\" rel=\"lightbox[3999]\"><img loading=\"lazy\" decoding=\"async\" aria-describedby=\"caption-attachment-4012\" class=\"size-medium wp-image-4012\" src=\"http:\/\/www.elainklinikkakotisalo.fi\/milfeddyg\/wp-content\/uploads\/2014\/12\/IMG_1789-300x200.jpg\" alt=\"Prinka ja Kelmi jokimaisemassa \" width=\"300\" height=\"200\" srcset=\"http:\/\/www.elainklinikkakotisalo.fi\/milfeddyg\/wp-content\/uploads\/2014\/12\/IMG_1789-300x200.jpg 300w, http:\/\/www.elainklinikkakotisalo.fi\/milfeddyg\/wp-content\/uploads\/2014\/12\/IMG_1789.jpg 1024w\" sizes=\"auto, (max-width: 300px) 100vw, 300px\" \/><\/a><p id=\"caption-attachment-4012\" class=\"wp-caption-text\">Prinka ja Kelmi jokimaisemassa<\/p><\/div>\n<div id=\"attachment_4013\" style=\"width: 310px\" class=\"wp-caption alignright\"><a href=\"http:\/\/www.elainklinikkakotisalo.fi\/milfeddyg\/wp-content\/uploads\/2014\/12\/IMG_1793.jpg\" rel=\"lightbox[3999]\"><img loading=\"lazy\" decoding=\"async\" aria-describedby=\"caption-attachment-4013\" class=\"size-medium wp-image-4013\" src=\"http:\/\/www.elainklinikkakotisalo.fi\/milfeddyg\/wp-content\/uploads\/2014\/12\/IMG_1793-300x200.jpg\" alt=\"HEnna ja l\u00f6ytynyt geok\u00e4tk\u00f6purkki \" width=\"300\" height=\"200\" srcset=\"http:\/\/www.elainklinikkakotisalo.fi\/milfeddyg\/wp-content\/uploads\/2014\/12\/IMG_1793-300x200.jpg 300w, http:\/\/www.elainklinikkakotisalo.fi\/milfeddyg\/wp-content\/uploads\/2014\/12\/IMG_1793.jpg 1024w\" sizes=\"auto, (max-width: 300px) 100vw, 300px\" \/><\/a><p id=\"caption-attachment-4013\" class=\"wp-caption-text\">HEnna ja l\u00f6ytynyt geok\u00e4tk\u00f6purkki<\/p><\/div>\n<p>&nbsp;<\/p>\n<p>&nbsp;<\/p>\n<p>&nbsp;<\/p>\n<p>&nbsp;<\/p>\n<p>&nbsp;<\/p>\n<p>&nbsp;<\/p>\n<p>&nbsp;<\/p>\n<p>&nbsp;<\/p>\n<div id=\"attachment_4014\" style=\"width: 310px\" class=\"wp-caption alignleft\"><a href=\"http:\/\/www.elainklinikkakotisalo.fi\/milfeddyg\/wp-content\/uploads\/2014\/12\/IMG_1799.jpg\" rel=\"lightbox[3999]\"><img loading=\"lazy\" decoding=\"async\" aria-describedby=\"caption-attachment-4014\" class=\"size-medium wp-image-4014\" src=\"http:\/\/www.elainklinikkakotisalo.fi\/milfeddyg\/wp-content\/uploads\/2014\/12\/IMG_1799-300x200.jpg\" alt=\"Prinka joella\" width=\"300\" height=\"200\" srcset=\"http:\/\/www.elainklinikkakotisalo.fi\/milfeddyg\/wp-content\/uploads\/2014\/12\/IMG_1799-300x200.jpg 300w, http:\/\/www.elainklinikkakotisalo.fi\/milfeddyg\/wp-content\/uploads\/2014\/12\/IMG_1799.jpg 1024w\" sizes=\"auto, (max-width: 300px) 100vw, 300px\" \/><\/a><p id=\"caption-attachment-4014\" class=\"wp-caption-text\">Prinka joella<\/p><\/div>\n<div id=\"attachment_4015\" style=\"width: 310px\" class=\"wp-caption alignright\"><a href=\"http:\/\/www.elainklinikkakotisalo.fi\/milfeddyg\/wp-content\/uploads\/2014\/12\/IMG_1803.jpg\" rel=\"lightbox[3999]\"><img loading=\"lazy\" decoding=\"async\" aria-describedby=\"caption-attachment-4015\" class=\"size-medium wp-image-4015\" src=\"http:\/\/www.elainklinikkakotisalo.fi\/milfeddyg\/wp-content\/uploads\/2014\/12\/IMG_1803-300x200.jpg\" alt=\"Prinka j\u00e4ljest\u00e4\u00e4 kaneja\" width=\"300\" height=\"200\" srcset=\"http:\/\/www.elainklinikkakotisalo.fi\/milfeddyg\/wp-content\/uploads\/2014\/12\/IMG_1803-300x200.jpg 300w, http:\/\/www.elainklinikkakotisalo.fi\/milfeddyg\/wp-content\/uploads\/2014\/12\/IMG_1803.jpg 1024w\" sizes=\"auto, (max-width: 300px) 100vw, 300px\" \/><\/a><p id=\"caption-attachment-4015\" class=\"wp-caption-text\">Prinka j\u00e4ljest\u00e4\u00e4 kaneja<\/p><\/div>\n<p>&nbsp;<\/p>\n<p>&nbsp;<\/p>\n<p>&nbsp;<\/p>\n<p>&nbsp;<\/p>\n<p>&nbsp;<\/p>\n<p>&nbsp;<\/p>\n<p>&nbsp;<\/p>\n<p>&nbsp;<\/p>\n<div id=\"attachment_4016\" style=\"width: 310px\" class=\"wp-caption aligncenter\"><a href=\"http:\/\/www.elainklinikkakotisalo.fi\/milfeddyg\/wp-content\/uploads\/2014\/12\/IMG_1806.jpg\" rel=\"lightbox[3999]\"><img loading=\"lazy\" decoding=\"async\" aria-describedby=\"caption-attachment-4016\" class=\"size-medium wp-image-4016\" src=\"http:\/\/www.elainklinikkakotisalo.fi\/milfeddyg\/wp-content\/uploads\/2014\/12\/IMG_1806-300x200.jpg\" alt=\"keskustelutuokio lenkin varrella\" width=\"300\" height=\"200\" srcset=\"http:\/\/www.elainklinikkakotisalo.fi\/milfeddyg\/wp-content\/uploads\/2014\/12\/IMG_1806-300x200.jpg 300w, http:\/\/www.elainklinikkakotisalo.fi\/milfeddyg\/wp-content\/uploads\/2014\/12\/IMG_1806.jpg 1024w\" sizes=\"auto, (max-width: 300px) 100vw, 300px\" \/><\/a><p id=\"caption-attachment-4016\" class=\"wp-caption-text\">keskustelutuokio lenkin varrella<\/p><\/div>\n<p>&nbsp;<\/p>\n<p>Pienen levon j\u00e4lkeen ahtauduimme Hennan kanssa\u00a0 yhdysvaltalaisten vuokra-autoon ja ajoimme kuin sillit suolassa\u00a0 noin 120 km Amsterdamiin, jossa s\u00f6imme yhdess\u00e4 lounasta yhdess\u00e4 jenkkil\u00e4isten kanssa. He saattoivat meid\u00e4t viel\u00e4 lentoken\u00e4llekin, joten t\u00e4h\u00e4n asti kaikki oli mennyt loistavasti.<\/p>\n<div id=\"attachment_4017\" style=\"width: 310px\" class=\"wp-caption alignleft\"><a href=\"http:\/\/www.elainklinikkakotisalo.fi\/milfeddyg\/wp-content\/uploads\/2014\/12\/IMG_1814.jpg\" rel=\"lightbox[3999]\"><img loading=\"lazy\" decoding=\"async\" aria-describedby=\"caption-attachment-4017\" class=\"size-medium wp-image-4017\" src=\"http:\/\/www.elainklinikkakotisalo.fi\/milfeddyg\/wp-content\/uploads\/2014\/12\/IMG_1814-300x200.jpg\" alt=\"autossa oli v\u00e4h\u00e4n ahdasta matkalla Amsterdamiin\" width=\"300\" height=\"200\" srcset=\"http:\/\/www.elainklinikkakotisalo.fi\/milfeddyg\/wp-content\/uploads\/2014\/12\/IMG_1814-300x200.jpg 300w, http:\/\/www.elainklinikkakotisalo.fi\/milfeddyg\/wp-content\/uploads\/2014\/12\/IMG_1814.jpg 1024w\" sizes=\"auto, (max-width: 300px) 100vw, 300px\" \/><\/a><p id=\"caption-attachment-4017\" class=\"wp-caption-text\">autossa oli v\u00e4h\u00e4n ahdasta matkalla Amsterdamiin<\/p><\/div>\n<div id=\"attachment_4018\" style=\"width: 310px\" class=\"wp-caption alignright\"><a href=\"http:\/\/www.elainklinikkakotisalo.fi\/milfeddyg\/wp-content\/uploads\/2014\/12\/IMG_1818.jpg\" rel=\"lightbox[3999]\"><img loading=\"lazy\" decoding=\"async\" aria-describedby=\"caption-attachment-4018\" class=\"size-medium wp-image-4018\" src=\"http:\/\/www.elainklinikkakotisalo.fi\/milfeddyg\/wp-content\/uploads\/2014\/12\/IMG_1818-300x200.jpg\" alt=\"maalaismaisemaa matkan varrella \" width=\"300\" height=\"200\" srcset=\"http:\/\/www.elainklinikkakotisalo.fi\/milfeddyg\/wp-content\/uploads\/2014\/12\/IMG_1818-300x200.jpg 300w, http:\/\/www.elainklinikkakotisalo.fi\/milfeddyg\/wp-content\/uploads\/2014\/12\/IMG_1818.jpg 1024w\" sizes=\"auto, (max-width: 300px) 100vw, 300px\" \/><\/a><p id=\"caption-attachment-4018\" class=\"wp-caption-text\">maalaismaisemaa matkan varrella<\/p><\/div>\n<p>&nbsp;<\/p>\n<p>&nbsp;<\/p>\n<p>&nbsp;<\/p>\n<p>&nbsp;<\/p>\n<p>&nbsp;<\/p>\n<p>&nbsp;<\/p>\n<p>&nbsp;<\/p>\n<p>&nbsp;<\/p>\n<p>&nbsp;<\/p>\n<p>&nbsp;<\/p>\n<p>Lentokent\u00e4ll\u00e4 l\u00e4ht\u00f6selvityksess\u00e4 kysyttiin tietysti ensimm\u00e4iseksi passia. Esitin ajokorttini ja selitin, ett\u00e4 asia oli Helisingiss\u00e4 l\u00e4htiess\u00e4 jo selvitetty. No, sain kuulla saarnan virkaililjan toimesta, mutta kelpasi kuitenkin. Sitten h\u00e4n ihmetteli, ett\u00e4 minulla on kaksi koiraa ja vain yksi boxi. H\u00e4nen mukaansa se ei t\u00e4yt\u00e4 kuljetusvaatimuksia. Min\u00e4 puolestani kerroin lukeneeni tarkaan kansainv\u00e4liset kuljetum\u00e4\u00e4r\u00e4ykset ja mielest\u00e4ni vaatimukset t\u00e4yttyv\u00e4t. Kun emme p\u00e4\u00e4sseet asiasta yksimielisyyteen, h\u00e4n pyysi paikalle esimiehens\u00e4. Sit\u00e4 odotellessa suustani taisi p\u00e4\u00e4st\u00e4 pari pahaa sanaa, joita Hennan kanssa naurettiin j\u00e4lkeen p\u00e4in. Paikalle saapui hymyilev\u00e4 nainen ja hymyilin h\u00e4nelle takaisin. Nainen pyysi minua laittamaan koirat boxiin josta h\u00e4n tuumasi, ett\u00e4 menev\u00e4t sinne mielell\u00e4\u00e4n. Sitten h\u00e4n kumartui katsomaan, miten kaverukset mahtuvat olemaan kuljetuslaatikossa. H\u00e4n ihasteli, kuinka kuniita koiria ne ovat ja tuumasi, ett\u00e4 hyvinh\u00e4n ne siell\u00e4 mahtuvat olemaan. Miesvirkailijakin oli jo aivan toisen oloinen.<\/p>\n<p>Kuljetusm\u00e4\u00e4r\u00e4ysten mukaan kuljetuslaatikon tulee olla niin tilava, ett\u00e4 el\u00e4in pystyy istumaan ja seisomaan siell\u00e4 normaalissa asennossa ja k\u00e4\u00e4ntym\u00e4\u00e4n ymp\u00e4ri. Toisilleen tutut koirat voivat matkustaa samassa kuljetuslaatikossa, kunhan m\u00e4m\u00e4 tilavaatimukset t\u00e4yttyv\u00e4t. Yksin\u00e4\u00e4n matkustavan el\u00e4imen boxille on helpompi asettaa kokovaatimukset kuin jos samassa boxissa matkustaa kaksi. Silloin asia on osin katsojan silm\u00e4ss\u00e4. Loppu hyvin ja sain taas saatella koirat menem\u00e4\u00e4n koneen ruumaan. Viel\u00e4 koneen l\u00e4ht\u00f6portilla piti varmistaa, ett\u00e4 koirat varmasti ovat samassa koneessa kuin mekin.<\/p>\n<div id=\"attachment_4019\" style=\"width: 210px\" class=\"wp-caption aligncenter\"><a href=\"http:\/\/www.elainklinikkakotisalo.fi\/milfeddyg\/wp-content\/uploads\/2014\/12\/IMG_1821.jpg\" rel=\"lightbox[3999]\"><img loading=\"lazy\" decoding=\"async\" aria-describedby=\"caption-attachment-4019\" class=\"size-medium wp-image-4019\" src=\"http:\/\/www.elainklinikkakotisalo.fi\/milfeddyg\/wp-content\/uploads\/2014\/12\/IMG_1821-200x300.jpg\" alt=\"joulukuusi Amsterdamin lentokent\u00e4ll\u00e4 \" width=\"200\" height=\"300\" srcset=\"http:\/\/www.elainklinikkakotisalo.fi\/milfeddyg\/wp-content\/uploads\/2014\/12\/IMG_1821-200x300.jpg 200w, http:\/\/www.elainklinikkakotisalo.fi\/milfeddyg\/wp-content\/uploads\/2014\/12\/IMG_1821.jpg 683w\" sizes=\"auto, (max-width: 200px) 100vw, 200px\" \/><\/a><p id=\"caption-attachment-4019\" class=\"wp-caption-text\">joulukuusi Amsterdamin lentokent\u00e4ll\u00e4<\/p><\/div>\n<p>&nbsp;<\/p>\n<p>Helsinki- Vantaalle saavuimme iltay\u00f6st\u00e4 ja Henna jatkoi jatkolennolla kotiin Joensuuhun. Koirien boxi tuli vastaanottokoppiin nopeammin kuin matkalaukut. Toisin kuin Amsterdamissa, jossa saimme odottaa koirien boxia noin 45 min. Virkailija kysyi olenko yksin. Tilanne oli nimitt\u00e4in niin, ett\u00e4 koiria ei saa laskea boxista ulos ennen kuin saapumishallin ulkopuolella. Boxissa ei ole py\u00f6ri\u00e4, joten se pit\u00e4\u00e4 nostaa k\u00e4rryyn. Ja lentokentt\u00e4 henkil\u00f6kunta ei saa auttaa boxin nostamisessa. Boxi painoi koirien kanssa 31 kg, joten en jaksanut sit\u00e4 yksin nostaa. Sain virkailijan suostumaan siihen, ett\u00e4 suljemme huoneen oven ja h\u00e4n vahtii ovea, sill\u00e4 aikaa kun otan koirat hetkeksi pois boksista nostaakseni sen k\u00e4rryyn ja laitamme sitten koirat boxiin takaisin. Virkailija suostui t\u00e4h\u00e4n pelleilyyn. Kelmi oli kyll\u00e4 aluksi sit\u00e4 mielt\u00e4, ett\u00e4 ei menisi en\u00e4\u00e4 takaisin boxiin, mutta toisella k\u00e4skyll\u00e4 n\u00f6yr\u00e4n\u00e4 poikana totteli. K\u00e4yt\u00e4nn\u00f6t el\u00e4inten\u00a0 kuljetuksessa n\u00e4k\u00f6j\u00e4\u00e4n vaihtelevat eri maissa, eik\u00e4 kaikkea voi etuk\u00e4teen tiet\u00e4\u00e4. T\u00e4h\u00e4n Helsingin s\u00e4\u00e4nt\u00f6\u00f6n on virkailijan mukaan syyn\u00e4 se, ett\u00e4 joskus koiria on karannut tulohallissa kun matkasta stressaantuneet koirat on laskettu kuljetuslaatikosta ulos. Kelmikin oli aika stresaantunut. mutta rauhoittui pian ulos p\u00e4\u00e4sty\u00e4\u00e4n. Prinka suhtautui matkaan rennommin. Olihan se jo pentuna lent\u00e4nyt kahdesti &#8211; tosin kummallakin kerralla matkustamossa kassissa.<\/p>\n<p>Helsingiss\u00e4 oli satanut matkan aikana lunta. Sain putsata auton paksun lumipeitteen alta ja j\u00e4ljell\u00e4 oli viel\u00e4 kolme tuntia kotimatkaa autolla. Alkumatka meni ihan mukavasti, mutta Kouvolan j\u00e4lkeen alkoi todella v\u00e4sytt\u00e4\u00e4. V\u00e4lill\u00e4 oli pakko ajaa bussipys\u00e4kille ja v\u00e4h\u00e4n jaloitella ja haukata happea. Onnellisesti p\u00e4\u00e4simme kuitenkin kotiin aamuy\u00f6st\u00e4 ja uni maittoi omassa s\u00e4ngyss\u00e4 pitk\u00e4lle aamuun.<\/p>\n","protected":false},"excerpt":{"rendered":"<p>Hollannin kooikeriyhdistyksen vuosittain j\u00e4rjest\u00e4m\u00e4\u00a0 kooikereiden erikoisn\u00e4yttely Klubmatch pidettiin t\u00e4n\u00e4 vuonna Hollannin Zuphenissa 22.11.\u00a0 N\u00e4yttely\u00e4 edelt\u00e4v\u00e4n\u00e4 p\u00e4iv\u00e4n\u00e4 eri maiden jalostustoimikuntien j\u00e4senet kokoontuivat kansainv\u00e4liseen kooikereiden jalostusseminaariin naapurikaupunkiin Deventeriin. Suomea l\u00e4htiv\u00e4t edustamaan jalostustoimikunnan puheenjohtaja Merja Suomalainen ja jalostustoimikunnan j\u00e4sen Henna Palmunen. Henna aikoi j\u00e4\u00e4d\u00e4 my\u00f6s n\u00e4yttely\u00e4 seuraamaan, vaikka h\u00e4nell\u00e4 ei t\u00e4ll\u00e4 kertaa ollutkaan koiraa mukana. Yst\u00e4v\u00e4ni Henna sai [&hellip;]<\/p>\n","protected":false},"author":3,"featured_media":0,"comment_status":"open","ping_status":"open","sticky":false,"template":"","format":"standard","meta":{"footnotes":""},"categories":[1],"tags":[],"class_list":["post-3999","post","type-post","status-publish","format-standard","hentry","category-blogi"],"_links":{"self":[{"href":"http:\/\/www.elainklinikkakotisalo.fi\/milfeddyg\/wp-json\/wp\/v2\/posts\/3999","targetHints":{"allow":["GET"]}}],"collection":[{"href":"http:\/\/www.elainklinikkakotisalo.fi\/milfeddyg\/wp-json\/wp\/v2\/posts"}],"about":[{"href":"http:\/\/www.elainklinikkakotisalo.fi\/milfeddyg\/wp-json\/wp\/v2\/types\/post"}],"author":[{"embeddable":true,"href":"http:\/\/www.elainklinikkakotisalo.fi\/milfeddyg\/wp-json\/wp\/v2\/users\/3"}],"replies":[{"embeddable":true,"href":"http:\/\/www.elainklinikkakotisalo.fi\/milfeddyg\/wp-json\/wp\/v2\/comments?post=3999"}],"version-history":[{"count":6,"href":"http:\/\/www.elainklinikkakotisalo.fi\/milfeddyg\/wp-json\/wp\/v2\/posts\/3999\/revisions"}],"predecessor-version":[{"id":4037,"href":"http:\/\/www.elainklinikkakotisalo.fi\/milfeddyg\/wp-json\/wp\/v2\/posts\/3999\/revisions\/4037"}],"wp:attachment":[{"href":"http:\/\/www.elainklinikkakotisalo.fi\/milfeddyg\/wp-json\/wp\/v2\/media?parent=3999"}],"wp:term":[{"taxonomy":"category","embeddable":true,"href":"http:\/\/www.elainklinikkakotisalo.fi\/milfeddyg\/wp-json\/wp\/v2\/categories?post=3999"},{"taxonomy":"post_tag","embeddable":true,"href":"http:\/\/www.elainklinikkakotisalo.fi\/milfeddyg\/wp-json\/wp\/v2\/tags?post=3999"}],"curies":[{"name":"wp","href":"https:\/\/api.w.org\/{rel}","templated":true}]}}