{"id":3624,"date":"2014-04-05T21:29:00","date_gmt":"2014-04-05T18:29:00","guid":{"rendered":"http:\/\/www.elainklinikkakotisalo.fi\/milfeddyg\/?p=3624"},"modified":"2014-04-08T01:33:52","modified_gmt":"2014-04-07T22:33:52","slug":"prinka-10-kk","status":"publish","type":"post","link":"http:\/\/www.elainklinikkakotisalo.fi\/milfeddyg\/prinka-10-kk\/","title":{"rendered":"Prinka 10 kk"},"content":{"rendered":"<p>7.4.2014\u00a0 Prinka\u00a0 ( Czuprynka Bursztynowy Zakatek) t\u00e4ytt\u00e4\u00e4 10 kk.<br \/>\nPrinkasta on kasvanut siev\u00e4 teinikoira ja ensimm\u00e4inen juoksukin on parhaillaan menossa. T\u00e4h\u00e4n asti on selvitty melko hyvin juoksuajasta. V\u00e4lill\u00e4 Kelmin valtaa haikea levottomuus, mutta t\u00e4h\u00e4n asti on p\u00e4rj\u00e4tty ilman evakkoreissua. Varmuuden vuoksi on Inkun kanssa sovittu hoitopaikasta, jos el\u00e4m\u00e4 menee liian levottomaksi.<\/p>\n<p>Kev\u00e4\u00e4n kuluessa Prinka on kehittynyt edukseen. Kallo ja runko on saanut vahvuutta lis\u00e4\u00e4 ja jalkojen asento on parantunut. Se on tyypilt\u00e4\u00e4n hyvin feminiininen ja sopivan kokoinen nartuksi ( noin 38cm s\u00e4k\u00e4). Luonne Prinkalla on parasta. Se on hellytt\u00e4v\u00e4n yst\u00e4v\u00e4llinen ja avoin. Se on perusluonteeltaan iloinen ja toimelias.<\/p>\n<div id=\"attachment_3633\" style=\"width: 310px\" class=\"wp-caption aligncenter\"><a href=\"http:\/\/www.elainklinikkakotisalo.fi\/milfeddyg\/wp-content\/uploads\/2014\/04\/IMG_8783.jpg\" rel=\"lightbox[3624]\"><img loading=\"lazy\" decoding=\"async\" aria-describedby=\"caption-attachment-3633\" class=\"size-medium wp-image-3633\" alt=\"Prinka 10 kk\" src=\"http:\/\/www.elainklinikkakotisalo.fi\/milfeddyg\/wp-content\/uploads\/2014\/04\/IMG_8783-300x200.jpg\" width=\"300\" height=\"200\" srcset=\"http:\/\/www.elainklinikkakotisalo.fi\/milfeddyg\/wp-content\/uploads\/2014\/04\/IMG_8783-300x200.jpg 300w, http:\/\/www.elainklinikkakotisalo.fi\/milfeddyg\/wp-content\/uploads\/2014\/04\/IMG_8783.jpg 1024w\" sizes=\"auto, (max-width: 300px) 100vw, 300px\" \/><\/a><p id=\"caption-attachment-3633\" class=\"wp-caption-text\">Prinka 10 kk<\/p><\/div>\n<p>&nbsp;<\/p>\n<div id=\"attachment_3625\" style=\"width: 214px\" class=\"wp-caption alignleft\"><a href=\"http:\/\/www.elainklinikkakotisalo.fi\/milfeddyg\/wp-content\/uploads\/2014\/04\/IMG_8445.jpg\" rel=\"lightbox[3624]\"><img loading=\"lazy\" decoding=\"async\" aria-describedby=\"caption-attachment-3625\" class=\"size-medium wp-image-3625\" alt=\"Prinkan kaunis katse\" src=\"http:\/\/www.elainklinikkakotisalo.fi\/milfeddyg\/wp-content\/uploads\/2014\/04\/IMG_8445-204x300.jpg\" width=\"204\" height=\"300\" srcset=\"http:\/\/www.elainklinikkakotisalo.fi\/milfeddyg\/wp-content\/uploads\/2014\/04\/IMG_8445-204x300.jpg 204w, http:\/\/www.elainklinikkakotisalo.fi\/milfeddyg\/wp-content\/uploads\/2014\/04\/IMG_8445.jpg 699w\" sizes=\"auto, (max-width: 204px) 100vw, 204px\" \/><\/a><p id=\"caption-attachment-3625\" class=\"wp-caption-text\">Prinkan kaunis katse<\/p><\/div>\n<p>&nbsp;<\/p>\n<div id=\"attachment_3626\" style=\"width: 310px\" class=\"wp-caption alignright\"><a href=\"http:\/\/www.elainklinikkakotisalo.fi\/milfeddyg\/wp-content\/uploads\/2014\/04\/IMG_8397.jpg\" rel=\"lightbox[3624]\"><img loading=\"lazy\" decoding=\"async\" aria-describedby=\"caption-attachment-3626\" class=\"size-medium wp-image-3626\" alt=\"Prinka hiihtoretkell\u00e4 \" src=\"http:\/\/www.elainklinikkakotisalo.fi\/milfeddyg\/wp-content\/uploads\/2014\/04\/IMG_8397-300x200.jpg\" width=\"300\" height=\"200\" srcset=\"http:\/\/www.elainklinikkakotisalo.fi\/milfeddyg\/wp-content\/uploads\/2014\/04\/IMG_8397-300x200.jpg 300w, http:\/\/www.elainklinikkakotisalo.fi\/milfeddyg\/wp-content\/uploads\/2014\/04\/IMG_8397.jpg 1024w\" sizes=\"auto, (max-width: 300px) 100vw, 300px\" \/><\/a><p id=\"caption-attachment-3626\" class=\"wp-caption-text\">Prinka hiihtoretkell\u00e4<\/p><\/div>\n<p>&nbsp;<\/p>\n<p>&nbsp;<\/p>\n<p>&nbsp;<\/p>\n<p>&nbsp;<\/p>\n<p>&nbsp;<\/p>\n<p>&nbsp;<\/p>\n<p>&nbsp;<\/p>\n<p>&nbsp;<\/p>\n<p>&nbsp;<\/p>\n<p>&nbsp;<\/p>\n<p>Ik\u00e4v\u00e4 kyll\u00e4 tuo toimeliaisuus ilmenee liian usein kenkien pureskeluna. \ud83d\ude09<\/p>\n<p><a href=\"http:\/\/www.elainklinikkakotisalo.fi\/milfeddyg\/wp-content\/uploads\/2014\/04\/IMG_7426.jpg\" rel=\"lightbox[3624]\"><img loading=\"lazy\" decoding=\"async\" class=\"aligncenter size-medium wp-image-3627\" alt=\"IMG_7426\" src=\"http:\/\/www.elainklinikkakotisalo.fi\/milfeddyg\/wp-content\/uploads\/2014\/04\/IMG_7426-300x200.jpg\" width=\"300\" height=\"200\" srcset=\"http:\/\/www.elainklinikkakotisalo.fi\/milfeddyg\/wp-content\/uploads\/2014\/04\/IMG_7426-300x200.jpg 300w, http:\/\/www.elainklinikkakotisalo.fi\/milfeddyg\/wp-content\/uploads\/2014\/04\/IMG_7426.jpg 1024w\" sizes=\"auto, (max-width: 300px) 100vw, 300px\" \/><\/a><\/p>\n<p>Agilitytreenit on hyv\u00e4ll\u00e4 alulla. Treenaamme kolmen sheltin ja Neve-kooikerin kanssa samassa penturyhm\u00e4ss\u00e4 ja lis\u00e4ksi k\u00e4ymme noin kerran viikossa omissa treeneiss\u00e4 Hilman ja Kelmin kanssa yhdess\u00e4 Siljan kanssa. Prinka menee jo hypyist\u00e4 ja putkista tehtyj\u00e4 ratap\u00e4tki\u00e4. Puomin kontakti on hyvin hallussa. Keinun opettelu on hyv\u00e4ll\u00e4 alulla. Siin\u00e4 on harjoiteltu reipasta menoa p\u00e4\u00e4h\u00e4n asti, kun avustaja pit\u00e4\u00e4 keinia ylh\u00e4\u00e4ll\u00e4 ja sitten on varovasti keinuteltu. Vuorotellen on my\u00f6s opetettu keinun kontaktin paukuttelua. Keppej\u00e4 harjoitellaan ohjureiden avulla. Nyt olemme siin\u00e4 vaiheessa, ett\u00e4 Prinka osaa itsen\u00e4isesti hakea erilaisia l\u00e4hestymiskulmia noin 2 m p\u00e4\u00e4st\u00e4 ja menee kepit reippaasti. Pari kertaa on jo kokeiltu poistaa 1-2 ohjuria, eik\u00e4 se ole aiheuttantu ongelmaa. Omissa treeneiss\u00e4 harjoitellaan usein hyppytekniikkaa jumppahyppysarjalla.<\/p>\n<p>V\u00e4lill\u00e4 oli vaihe, ettei Prinka halunnut leikki\u00e4 leluilla hallilla, vaikka kotona se on innokas leikkij\u00e4. Nykyisin se jo palkkautuu my\u00f6s liikkuvalla pallolla. Monessa harjoituksessa kuitenkin k\u00e4ytet\u00e4\u00e4n namikippoa\/alustaa.<\/p>\n<p>Pian p\u00e4\u00e4st\u00e4\u00e4n jatkamaan syksyll\u00e4 aloitettua j\u00e4ljestyst\u00e4. Syksyinen alku vaikutti lupaavalta. Saa n\u00e4hd\u00e4, mit\u00e4 talvi on tehnyt.<\/p>\n","protected":false},"excerpt":{"rendered":"<p>7.4.2014\u00a0 Prinka\u00a0 ( Czuprynka Bursztynowy Zakatek) t\u00e4ytt\u00e4\u00e4 10 kk. Prinkasta on kasvanut siev\u00e4 teinikoira ja ensimm\u00e4inen juoksukin on parhaillaan menossa. T\u00e4h\u00e4n asti on selvitty melko hyvin juoksuajasta. V\u00e4lill\u00e4 Kelmin valtaa haikea levottomuus, mutta t\u00e4h\u00e4n asti on p\u00e4rj\u00e4tty ilman evakkoreissua. Varmuuden vuoksi on Inkun kanssa sovittu hoitopaikasta, jos el\u00e4m\u00e4 menee liian levottomaksi. Kev\u00e4\u00e4n kuluessa Prinka on [&hellip;]<\/p>\n","protected":false},"author":3,"featured_media":0,"comment_status":"open","ping_status":"open","sticky":false,"template":"","format":"standard","meta":{"footnotes":""},"categories":[1],"tags":[],"class_list":["post-3624","post","type-post","status-publish","format-standard","hentry","category-blogi"],"_links":{"self":[{"href":"http:\/\/www.elainklinikkakotisalo.fi\/milfeddyg\/wp-json\/wp\/v2\/posts\/3624","targetHints":{"allow":["GET"]}}],"collection":[{"href":"http:\/\/www.elainklinikkakotisalo.fi\/milfeddyg\/wp-json\/wp\/v2\/posts"}],"about":[{"href":"http:\/\/www.elainklinikkakotisalo.fi\/milfeddyg\/wp-json\/wp\/v2\/types\/post"}],"author":[{"embeddable":true,"href":"http:\/\/www.elainklinikkakotisalo.fi\/milfeddyg\/wp-json\/wp\/v2\/users\/3"}],"replies":[{"embeddable":true,"href":"http:\/\/www.elainklinikkakotisalo.fi\/milfeddyg\/wp-json\/wp\/v2\/comments?post=3624"}],"version-history":[{"count":3,"href":"http:\/\/www.elainklinikkakotisalo.fi\/milfeddyg\/wp-json\/wp\/v2\/posts\/3624\/revisions"}],"predecessor-version":[{"id":3635,"href":"http:\/\/www.elainklinikkakotisalo.fi\/milfeddyg\/wp-json\/wp\/v2\/posts\/3624\/revisions\/3635"}],"wp:attachment":[{"href":"http:\/\/www.elainklinikkakotisalo.fi\/milfeddyg\/wp-json\/wp\/v2\/media?parent=3624"}],"wp:term":[{"taxonomy":"category","embeddable":true,"href":"http:\/\/www.elainklinikkakotisalo.fi\/milfeddyg\/wp-json\/wp\/v2\/categories?post=3624"},{"taxonomy":"post_tag","embeddable":true,"href":"http:\/\/www.elainklinikkakotisalo.fi\/milfeddyg\/wp-json\/wp\/v2\/tags?post=3624"}],"curies":[{"name":"wp","href":"https:\/\/api.w.org\/{rel}","templated":true}]}}