{"id":3614,"date":"2014-04-05T20:58:50","date_gmt":"2014-04-05T17:58:50","guid":{"rendered":"http:\/\/www.elainklinikkakotisalo.fi\/milfeddyg\/?p=3614"},"modified":"2014-04-08T01:26:54","modified_gmt":"2014-04-07T22:26:54","slug":"remu-milfeddyg-inhalig-elaika","status":"publish","type":"post","link":"http:\/\/www.elainklinikkakotisalo.fi\/milfeddyg\/remu-milfeddyg-inhalig-elaika\/","title":{"rendered":"Remu ( Milfeddyg Inhalig Elaika)"},"content":{"rendered":"<p>Levilt\u00e4 palatessa poikkesimme Nurmeksessa tervehtim\u00e4ss\u00e4 Kelmin t\u00e4ysvelje\u00e4 Remua ja sen omistajia Annea ja Jaria. Olin viimeksi tavannut Remun sen ollessa 1-vuotias.<\/p>\n<p>Remu otti meid\u00e4t innokkaasti vastaan ja erityisesti siksi,ett\u00e4 Prinka-neidill\u00e4 oli alkanut juoksu muutama p\u00e4iv\u00e4 sitten. Veljekset tervehtiv\u00e4t miehekk\u00e4\u00e4n \u00e4rh\u00e4k\u00e4sti toisiaan, mutta yhteisell\u00e4 lenkill\u00e4 v\u00e4lit l\u00e4mpeniv\u00e4t ja mahduttiin samaan kuvaankin.<\/p>\n<div id=\"attachment_3629\" style=\"width: 307px\" class=\"wp-caption alignleft\"><a href=\"http:\/\/www.elainklinikkakotisalo.fi\/milfeddyg\/wp-content\/uploads\/2014\/04\/Remu-ja-Kelmi-2.jpg\" rel=\"lightbox[3614]\"><img loading=\"lazy\" decoding=\"async\" aria-describedby=\"caption-attachment-3629\" class=\"size-medium wp-image-3629\" alt=\"Isoveli Remu ja pikkuveli Kelmi. Kuva Anne Kokkonen\" src=\"http:\/\/www.elainklinikkakotisalo.fi\/milfeddyg\/wp-content\/uploads\/2014\/04\/Remu-ja-Kelmi-2-297x300.jpg\" width=\"297\" height=\"300\" srcset=\"http:\/\/www.elainklinikkakotisalo.fi\/milfeddyg\/wp-content\/uploads\/2014\/04\/Remu-ja-Kelmi-2-297x300.jpg 297w, http:\/\/www.elainklinikkakotisalo.fi\/milfeddyg\/wp-content\/uploads\/2014\/04\/Remu-ja-Kelmi-2.jpg 518w\" sizes=\"auto, (max-width: 297px) 100vw, 297px\" \/><\/a><p id=\"caption-attachment-3629\" class=\"wp-caption-text\">Isoveli Remu ja pikkuveli Kelmi. Kuva Anne Kokkonen<\/p><\/div>\n<div id=\"attachment_3631\" style=\"width: 310px\" class=\"wp-caption alignright\"><a href=\"http:\/\/www.elainklinikkakotisalo.fi\/milfeddyg\/wp-content\/uploads\/2014\/04\/Remu-ja-Kelmi.jpg\" rel=\"lightbox[3614]\"><img loading=\"lazy\" decoding=\"async\" aria-describedby=\"caption-attachment-3631\" class=\"size-medium wp-image-3631\" alt=\"Remu ja Kelmi. kuva Anne Kokkonen\" src=\"http:\/\/www.elainklinikkakotisalo.fi\/milfeddyg\/wp-content\/uploads\/2014\/04\/Remu-ja-Kelmi-300x209.jpg\" width=\"300\" height=\"209\" srcset=\"http:\/\/www.elainklinikkakotisalo.fi\/milfeddyg\/wp-content\/uploads\/2014\/04\/Remu-ja-Kelmi-300x209.jpg 300w, http:\/\/www.elainklinikkakotisalo.fi\/milfeddyg\/wp-content\/uploads\/2014\/04\/Remu-ja-Kelmi.jpg 746w\" sizes=\"auto, (max-width: 300px) 100vw, 300px\" \/><\/a><p id=\"caption-attachment-3631\" class=\"wp-caption-text\">Remu ja Kelmi. kuva Anne Kokkonen<\/p><\/div>\n<p>&nbsp;<\/p>\n<p>&nbsp;<\/p>\n<p>&nbsp;<\/p>\n<p>&nbsp;<\/p>\n<p>&nbsp;<\/p>\n<p>&nbsp;<\/p>\n<p>&nbsp;<\/p>\n<p>&nbsp;<\/p>\n<p>&nbsp;<\/p>\n<div id=\"attachment_3616\" style=\"width: 310px\" class=\"wp-caption alignright\"><a href=\"http:\/\/www.elainklinikkakotisalo.fi\/milfeddyg\/wp-content\/uploads\/2014\/04\/IMG_8496.jpg\" rel=\"lightbox[3614]\"><img loading=\"lazy\" decoding=\"async\" aria-describedby=\"caption-attachment-3616\" class=\"size-medium wp-image-3616\" alt=\"Remu, Prinka ja Kelmi\" src=\"http:\/\/www.elainklinikkakotisalo.fi\/milfeddyg\/wp-content\/uploads\/2014\/04\/IMG_8496-300x207.jpg\" width=\"300\" height=\"207\" srcset=\"http:\/\/www.elainklinikkakotisalo.fi\/milfeddyg\/wp-content\/uploads\/2014\/04\/IMG_8496-300x207.jpg 300w, http:\/\/www.elainklinikkakotisalo.fi\/milfeddyg\/wp-content\/uploads\/2014\/04\/IMG_8496.jpg 1024w\" sizes=\"auto, (max-width: 300px) 100vw, 300px\" \/><\/a><p id=\"caption-attachment-3616\" class=\"wp-caption-text\">Remu, Prinka ja Kelmi<\/p><\/div>\n<p>&nbsp;<\/p>\n<p>&nbsp;<\/p>\n<p>Remu on komea ja muistuttaa kovasti velje\u00e4\u00e4n Kelmi\u00e4. Se on kuin suurennettu painos Kelmist\u00e4. Se on s\u00e4ilynyt nuorekkaana, eik\u00e4 harmaata ole kuin nimeksi silmien ymp\u00e4rill\u00e4. Remu on todella kookas kooikeriherra. Omistajien mukaan s\u00e4k\u00e4korkeus on jopa 50cm.<\/p>\n<p>Remu on kunnostautunut kanalintujen mets\u00e4styksess\u00e4\u00a0 is\u00e4nt\u00e4ns\u00e4 Jarin kanssa. V\u00e4hemm\u00e4ss\u00e4 m\u00e4\u00e4rin he ovat my\u00f6s k\u00e4yneet sorsastamassa. Remu kuulema aivan sekoaa, kun mets\u00e4stysvaatteet puetaan p\u00e4\u00e4lle ja kaivetaan aseet esille. Em\u00e4nt\u00e4ns\u00e4 Annen kanssa Remu on harrastanut tokoa ja v\u00e4h\u00e4n my\u00f6s agilitya. Kerran se on k\u00e4ynyt n\u00e4yttelyss\u00e4. Se sai muuten hyv\u00e4n arvostelun, mutta tuomari oli kuiskannut Annen korvaan: \u00e4l\u00e4 tuo en\u00e4\u00e4 t\u00e4t\u00e4 koiraa n\u00e4yttelyyn,koska se on aivan liian suuri.<\/p>\n<div id=\"attachment_3617\" style=\"width: 310px\" class=\"wp-caption alignleft\"><a href=\"http:\/\/www.elainklinikkakotisalo.fi\/milfeddyg\/wp-content\/uploads\/2014\/04\/IMG_8478.jpg\" rel=\"lightbox[3614]\"><img loading=\"lazy\" decoding=\"async\" aria-describedby=\"caption-attachment-3617\" class=\"size-medium wp-image-3617\" alt=\"komea Remu\" src=\"http:\/\/www.elainklinikkakotisalo.fi\/milfeddyg\/wp-content\/uploads\/2014\/04\/IMG_8478-300x208.jpg\" width=\"300\" height=\"208\" srcset=\"http:\/\/www.elainklinikkakotisalo.fi\/milfeddyg\/wp-content\/uploads\/2014\/04\/IMG_8478-300x208.jpg 300w, http:\/\/www.elainklinikkakotisalo.fi\/milfeddyg\/wp-content\/uploads\/2014\/04\/IMG_8478.jpg 1024w\" sizes=\"auto, (max-width: 300px) 100vw, 300px\" \/><\/a><p id=\"caption-attachment-3617\" class=\"wp-caption-text\">komea Remu<\/p><\/div>\n<div id=\"attachment_3618\" style=\"width: 310px\" class=\"wp-caption alignright\"><a href=\"http:\/\/www.elainklinikkakotisalo.fi\/milfeddyg\/wp-content\/uploads\/2014\/04\/IMG_8486.jpg\" rel=\"lightbox[3614]\"><img loading=\"lazy\" decoding=\"async\" aria-describedby=\"caption-attachment-3618\" class=\"size-medium wp-image-3618\" alt=\"Remu\" src=\"http:\/\/www.elainklinikkakotisalo.fi\/milfeddyg\/wp-content\/uploads\/2014\/04\/IMG_8486-300x201.jpg\" width=\"300\" height=\"201\" srcset=\"http:\/\/www.elainklinikkakotisalo.fi\/milfeddyg\/wp-content\/uploads\/2014\/04\/IMG_8486-300x201.jpg 300w, http:\/\/www.elainklinikkakotisalo.fi\/milfeddyg\/wp-content\/uploads\/2014\/04\/IMG_8486.jpg 1024w\" sizes=\"auto, (max-width: 300px) 100vw, 300px\" \/><\/a><p id=\"caption-attachment-3618\" class=\"wp-caption-text\">Remu<\/p><\/div>\n<p>&nbsp;<\/p>\n<p>&nbsp;<\/p>\n<p>&nbsp;<\/p>\n<p>&nbsp;<\/p>\n<p>&nbsp;<\/p>\n<p>Remun suuri koko on omistajien mielest\u00e4 pelk\u00e4st\u00e4\u00e4n hyv\u00e4 asia. Eip\u00e4h\u00e4n ole ukko kompastellut mets\u00e4ss\u00e4 risuihin ja hyvin se on jaksanut p\u00e4iv\u00e4n mets\u00e4ss\u00e4 kulkea.<\/p>\n<p>&nbsp;<\/p>\n<p>&nbsp;<\/p>\n<div id=\"attachment_3619\" style=\"width: 310px\" class=\"wp-caption alignleft\"><a href=\"http:\/\/www.elainklinikkakotisalo.fi\/milfeddyg\/wp-content\/uploads\/2014\/04\/IMG_8499.jpg\" rel=\"lightbox[3614]\"><img loading=\"lazy\" decoding=\"async\" aria-describedby=\"caption-attachment-3619\" class=\"size-medium wp-image-3619\" alt=\"Remun profiili\" src=\"http:\/\/www.elainklinikkakotisalo.fi\/milfeddyg\/wp-content\/uploads\/2014\/04\/IMG_8499-300x199.jpg\" width=\"300\" height=\"199\" srcset=\"http:\/\/www.elainklinikkakotisalo.fi\/milfeddyg\/wp-content\/uploads\/2014\/04\/IMG_8499-300x199.jpg 300w, http:\/\/www.elainklinikkakotisalo.fi\/milfeddyg\/wp-content\/uploads\/2014\/04\/IMG_8499.jpg 1024w\" sizes=\"auto, (max-width: 300px) 100vw, 300px\" \/><\/a><p id=\"caption-attachment-3619\" class=\"wp-caption-text\">Remun profiili<\/p><\/div>\n<div id=\"attachment_3620\" style=\"width: 310px\" class=\"wp-caption alignright\"><a href=\"http:\/\/www.elainklinikkakotisalo.fi\/milfeddyg\/wp-content\/uploads\/2014\/04\/IMG_8504.jpg\" rel=\"lightbox[3614]\"><img loading=\"lazy\" decoding=\"async\" aria-describedby=\"caption-attachment-3620\" class=\"size-medium wp-image-3620\" alt=\"Remun veike\u00e4 ilme\" src=\"http:\/\/www.elainklinikkakotisalo.fi\/milfeddyg\/wp-content\/uploads\/2014\/04\/IMG_8504-300x218.jpg\" width=\"300\" height=\"218\" srcset=\"http:\/\/www.elainklinikkakotisalo.fi\/milfeddyg\/wp-content\/uploads\/2014\/04\/IMG_8504-300x218.jpg 300w, http:\/\/www.elainklinikkakotisalo.fi\/milfeddyg\/wp-content\/uploads\/2014\/04\/IMG_8504.jpg 1024w\" sizes=\"auto, (max-width: 300px) 100vw, 300px\" \/><\/a><p id=\"caption-attachment-3620\" class=\"wp-caption-text\">Remun veike\u00e4 ilme<\/p><\/div>\n<p>&nbsp;<\/p>\n<p>&nbsp;<\/p>\n<p>&nbsp;<\/p>\n<p>&nbsp;<\/p>\n<p>&nbsp;<\/p>\n<p>&nbsp;<\/p>\n<p>&nbsp;<\/p>\n<p>&nbsp;<\/p>\n<p>&nbsp;<\/p>\n<p>&nbsp;<\/p>\n<p>&nbsp;<\/p>\n<p>&nbsp;<\/p>\n<p>&nbsp;<\/p>\n<p>&nbsp;<\/p>\n<p>&nbsp;<\/p>\n<p>&nbsp;<\/p>\n<p>Liisa<\/p>\n","protected":false},"excerpt":{"rendered":"<p>Levilt\u00e4 palatessa poikkesimme Nurmeksessa tervehtim\u00e4ss\u00e4 Kelmin t\u00e4ysvelje\u00e4 Remua ja sen omistajia Annea ja Jaria. Olin viimeksi tavannut Remun sen ollessa 1-vuotias. Remu otti meid\u00e4t innokkaasti vastaan ja erityisesti siksi,ett\u00e4 Prinka-neidill\u00e4 oli alkanut juoksu muutama p\u00e4iv\u00e4 sitten. Veljekset tervehtiv\u00e4t miehekk\u00e4\u00e4n \u00e4rh\u00e4k\u00e4sti toisiaan, mutta yhteisell\u00e4 lenkill\u00e4 v\u00e4lit l\u00e4mpeniv\u00e4t ja mahduttiin samaan kuvaankin. &nbsp; &nbsp; &nbsp; &nbsp; &nbsp; [&hellip;]<\/p>\n","protected":false},"author":3,"featured_media":0,"comment_status":"open","ping_status":"open","sticky":false,"template":"","format":"standard","meta":{"footnotes":""},"categories":[1],"tags":[],"class_list":["post-3614","post","type-post","status-publish","format-standard","hentry","category-blogi"],"_links":{"self":[{"href":"http:\/\/www.elainklinikkakotisalo.fi\/milfeddyg\/wp-json\/wp\/v2\/posts\/3614","targetHints":{"allow":["GET"]}}],"collection":[{"href":"http:\/\/www.elainklinikkakotisalo.fi\/milfeddyg\/wp-json\/wp\/v2\/posts"}],"about":[{"href":"http:\/\/www.elainklinikkakotisalo.fi\/milfeddyg\/wp-json\/wp\/v2\/types\/post"}],"author":[{"embeddable":true,"href":"http:\/\/www.elainklinikkakotisalo.fi\/milfeddyg\/wp-json\/wp\/v2\/users\/3"}],"replies":[{"embeddable":true,"href":"http:\/\/www.elainklinikkakotisalo.fi\/milfeddyg\/wp-json\/wp\/v2\/comments?post=3614"}],"version-history":[{"count":5,"href":"http:\/\/www.elainklinikkakotisalo.fi\/milfeddyg\/wp-json\/wp\/v2\/posts\/3614\/revisions"}],"predecessor-version":[{"id":3632,"href":"http:\/\/www.elainklinikkakotisalo.fi\/milfeddyg\/wp-json\/wp\/v2\/posts\/3614\/revisions\/3632"}],"wp:attachment":[{"href":"http:\/\/www.elainklinikkakotisalo.fi\/milfeddyg\/wp-json\/wp\/v2\/media?parent=3614"}],"wp:term":[{"taxonomy":"category","embeddable":true,"href":"http:\/\/www.elainklinikkakotisalo.fi\/milfeddyg\/wp-json\/wp\/v2\/categories?post=3614"},{"taxonomy":"post_tag","embeddable":true,"href":"http:\/\/www.elainklinikkakotisalo.fi\/milfeddyg\/wp-json\/wp\/v2\/tags?post=3614"}],"curies":[{"name":"wp","href":"https:\/\/api.w.org\/{rel}","templated":true}]}}