{"id":3601,"date":"2014-04-05T19:31:12","date_gmt":"2014-04-05T16:31:12","guid":{"rendered":"http:\/\/www.elainklinikkakotisalo.fi\/milfeddyg\/?p=3601"},"modified":"2014-04-05T19:34:23","modified_gmt":"2014-04-05T16:34:23","slug":"moron-selatysloma-levilla-22-29-3-2014","status":"publish","type":"post","link":"http:\/\/www.elainklinikkakotisalo.fi\/milfeddyg\/moron-selatysloma-levilla-22-29-3-2014\/","title":{"rendered":"M\u00f6r\u00f6n sel\u00e4tysloma Levill\u00e4 22.-29.3.2014"},"content":{"rendered":"<p>24.3.2014\u00a0\u00a0 tuli vuosi siit\u00e4, kun menetin koirien koiran Ettan Levill\u00e4 lomaillessamme. T\u00e4n\u00e4 kev\u00e4\u00e4n\u00e4 p\u00e4\u00e4timme kuitenkin menn\u00e4 samaan m\u00f6kkiin samaan aikaan ja l\u00e4hes samalla porukallakin kuin viime vuonna. Vain Ettan tilalla mukana oli teinikoira Prinka. Olin empinyt koko lomalle l\u00e4ht\u00f6\u00e4 viime tinkaan, mutta lopulta p\u00e4\u00e4tin, ett\u00e4 paha karma on voitettava ja kohdattava tuo paikka uudelleen. Muistokynttil\u00e4 Ettan muistoksi paloi tien penkalla m\u00f6kin edustalla l\u00e4hes koko viikon. Alkuun oli tietysti haikea mieli, kun ik\u00e4v\u00e4 tapahtuma tuli mieleen kaikissa yksityiskohdissaan. Vuoden aikana asiaa oli\u00a0 k\u00e4yty\u00a0 perusteellisesti l\u00e4pi omassa mieless\u00e4, Harrin ja yst\u00e4vien kanssa keskustellen ja varmaan sen ansiosta\u00a0 ilokseni\u00a0 huomasinkin, ett\u00e4 kipe\u00e4t arvet syd\u00e4mess\u00e4 olivat l\u00e4hes parantuneet ja pystyin muistelemaan Ettasta niit\u00e4 iloisia asioita, joita se lyhyen el\u00e4m\u00e4ns\u00e4 aikana tarjosi.<\/p>\n<div id=\"attachment_3602\" style=\"width: 310px\" class=\"wp-caption aligncenter\"><a href=\"http:\/\/www.elainklinikkakotisalo.fi\/milfeddyg\/wp-content\/uploads\/2014\/04\/IMG_8261.jpg\" rel=\"lightbox[3601]\"><img loading=\"lazy\" decoding=\"async\" aria-describedby=\"caption-attachment-3602\" class=\"size-medium wp-image-3602\" alt=\"kynttil\u00e4 Ettan muistolle\" src=\"http:\/\/www.elainklinikkakotisalo.fi\/milfeddyg\/wp-content\/uploads\/2014\/04\/IMG_8261-300x200.jpg\" width=\"300\" height=\"200\" srcset=\"http:\/\/www.elainklinikkakotisalo.fi\/milfeddyg\/wp-content\/uploads\/2014\/04\/IMG_8261-300x200.jpg 300w, http:\/\/www.elainklinikkakotisalo.fi\/milfeddyg\/wp-content\/uploads\/2014\/04\/IMG_8261.jpg 1024w\" sizes=\"auto, (max-width: 300px) 100vw, 300px\" \/><\/a><p id=\"caption-attachment-3602\" class=\"wp-caption-text\">kynttil\u00e4 Ettan muistolle<\/p><\/div>\n<p>S\u00e4\u00e4 suosi lomaamme. Aurinko paistoi l\u00e4hes joka p\u00e4iv\u00e4 ja l\u00e4mp\u00f6tila vaihteli nollan kahta puolta. Ladut olivat loistavassa kunnossa. Parina viimeisen\u00e4 p\u00e4iv\u00e4n\u00e4 ladut alkoivat pinnastaan j\u00e4\u00e4ty\u00e4 ja voitelun kanssa oli v\u00e4h\u00e4n tekemist\u00e4, kun kumpikin hiid\u00e4mme perinteisell\u00e4 tyylill\u00e4.<\/p>\n<div id=\"attachment_3604\" style=\"width: 310px\" class=\"wp-caption alignleft\"><a href=\"http:\/\/www.elainklinikkakotisalo.fi\/milfeddyg\/wp-content\/uploads\/2014\/04\/IMG_8279.jpg\" rel=\"lightbox[3601]\"><img loading=\"lazy\" decoding=\"async\" aria-describedby=\"caption-attachment-3604\" class=\"size-medium wp-image-3604\" alt=\"Liisa ja Prinka m\u00e4ke\u00e4 alas\" src=\"http:\/\/www.elainklinikkakotisalo.fi\/milfeddyg\/wp-content\/uploads\/2014\/04\/IMG_8279-300x223.jpg\" width=\"300\" height=\"223\" srcset=\"http:\/\/www.elainklinikkakotisalo.fi\/milfeddyg\/wp-content\/uploads\/2014\/04\/IMG_8279-300x223.jpg 300w, http:\/\/www.elainklinikkakotisalo.fi\/milfeddyg\/wp-content\/uploads\/2014\/04\/IMG_8279.jpg 1024w\" sizes=\"auto, (max-width: 300px) 100vw, 300px\" \/><\/a><p id=\"caption-attachment-3604\" class=\"wp-caption-text\">Liisa ja Prinka m\u00e4ke\u00e4 alas<\/p><\/div>\n<div id=\"attachment_3605\" style=\"width: 310px\" class=\"wp-caption alignright\"><a href=\"http:\/\/www.elainklinikkakotisalo.fi\/milfeddyg\/wp-content\/uploads\/2014\/04\/IMG_8289.jpg\" rel=\"lightbox[3601]\"><img loading=\"lazy\" decoding=\"async\" aria-describedby=\"caption-attachment-3605\" class=\"size-medium wp-image-3605\" alt=\"Herri ja Kelmi ladulla\" src=\"http:\/\/www.elainklinikkakotisalo.fi\/milfeddyg\/wp-content\/uploads\/2014\/04\/IMG_8289-300x238.jpg\" width=\"300\" height=\"238\" srcset=\"http:\/\/www.elainklinikkakotisalo.fi\/milfeddyg\/wp-content\/uploads\/2014\/04\/IMG_8289-300x238.jpg 300w, http:\/\/www.elainklinikkakotisalo.fi\/milfeddyg\/wp-content\/uploads\/2014\/04\/IMG_8289.jpg 1024w\" sizes=\"auto, (max-width: 300px) 100vw, 300px\" \/><\/a><p id=\"caption-attachment-3605\" class=\"wp-caption-text\">Herri ja Kelmi ladulla<\/p><\/div>\n<p>&nbsp;<\/p>\n<p>&nbsp;<\/p>\n<p>&nbsp;<\/p>\n<p>&nbsp;<\/p>\n<p>&nbsp;<\/p>\n<p>&nbsp;<\/p>\n<p>&nbsp;<\/p>\n<p>&nbsp;<\/p>\n<p>Entisen K\u00e4tk\u00e4j\u00e4rven laavulle johtavan koiraladun lis\u00e4ksi Leville oli t\u00e4n\u00e4 talvena avattu toinenkin koiralatu K\u00f6nk\u00e4\u00e4lle. Sille reitill\u00e4 pystyi l\u00e4htem\u00e4\u00e4n Tonttulasta tai esim Rautuskyl\u00e4n kaupalta. Vaihtoehtoina oli 6 km, 14km tai 20 km reitit. My\u00f6s valorakan 6 km latua sai hiiht\u00e4\u00e4 koiran kanssa iltaisin klo 21 j\u00e4lkeen. T\u00e4lle valaistulle ladulle p\u00e4\u00e4si m\u00f6kilt\u00e4 suoraan. Tosin my\u00f6h\u00e4\u00e4n illalla ei en\u00e4\u00e4 tehnyt mieli hiiht\u00e4m\u00e4\u00e4n, kun p\u00e4iv\u00e4ll\u00e4 oli hiihdellyt auringonpaisteessa muutaman tunnin. Koirien kanssa hiihdimme kolmena p\u00e4iv\u00e4n\u00e4. Kaksi kertaa K\u00e4tk\u00e4j\u00e4rven ladun 13 km ja kerran K\u00f6nk\u00e4\u00e4ll\u00e4 14 km. Yhteens\u00e4 hiihdimme viikon aikana noin 90 km ja yhten\u00e4 p\u00e4iv\u00e4n\u00e4 laskettelimme Etel\u00e4-rinteill\u00e4. Sin\u00e4 p\u00e4iv\u00e4n\u00e4 tuuli niin kovaa, ett\u00e4 monta hissi\u00e4 oli tuulen takia suljettu.<\/p>\n<p>&nbsp;<\/p>\n<div id=\"attachment_3606\" style=\"width: 310px\" class=\"wp-caption aligncenter\"><a href=\"http:\/\/www.elainklinikkakotisalo.fi\/milfeddyg\/wp-content\/uploads\/2014\/04\/IMG_8340.jpg\" rel=\"lightbox[3601]\"><img loading=\"lazy\" decoding=\"async\" aria-describedby=\"caption-attachment-3606\" class=\"size-medium wp-image-3606\" alt=\"Tuikun rinteet\" src=\"http:\/\/www.elainklinikkakotisalo.fi\/milfeddyg\/wp-content\/uploads\/2014\/04\/IMG_8340-300x200.jpg\" width=\"300\" height=\"200\" srcset=\"http:\/\/www.elainklinikkakotisalo.fi\/milfeddyg\/wp-content\/uploads\/2014\/04\/IMG_8340-300x200.jpg 300w, http:\/\/www.elainklinikkakotisalo.fi\/milfeddyg\/wp-content\/uploads\/2014\/04\/IMG_8340.jpg 1024w\" sizes=\"auto, (max-width: 300px) 100vw, 300px\" \/><\/a><p id=\"caption-attachment-3606\" class=\"wp-caption-text\">Tuikun rinteet<\/p><\/div>\n<p>On kyll\u00e4 tosi hyv\u00e4, ett\u00e4 koirienkin kanssa p\u00e4\u00e4see hiiht\u00e4m\u00e4\u00e4n. Muuten on aika tyls\u00e4\u00e4 pitk\u00e4n hiihtop\u00e4iv\u00e4n j\u00e4lkeen l\u00e4hte\u00e4 koirien kanssa hihnalenkeille katuja mittaamaan, kun Levill\u00e4 ei juuri miss\u00e4\u00e4n voi pit\u00e4\u00e4 koiria vapaana: laduilla ei luonnollisestikaan saa k\u00e4vell\u00e4, eik\u00e4 moottorikelkkaurillakaan katsota suopeasti ja jos sinne eksyy, kannattaa pit\u00e4\u00e4 koira kiinni, ettei j\u00e4\u00e4 kelkan alle. Lunta on niin paljon, ettei umpihangessa voi k\u00e4vell\u00e4.<\/p>\n<div id=\"attachment_3607\" style=\"width: 310px\" class=\"wp-caption alignleft\"><a href=\"http:\/\/www.elainklinikkakotisalo.fi\/milfeddyg\/wp-content\/uploads\/2014\/04\/IMG_8306.jpg\" rel=\"lightbox[3601]\"><img loading=\"lazy\" decoding=\"async\" aria-describedby=\"caption-attachment-3607\" class=\"size-medium wp-image-3607\" alt=\"Tauko laavulla\" src=\"http:\/\/www.elainklinikkakotisalo.fi\/milfeddyg\/wp-content\/uploads\/2014\/04\/IMG_8306-300x236.jpg\" width=\"300\" height=\"236\" srcset=\"http:\/\/www.elainklinikkakotisalo.fi\/milfeddyg\/wp-content\/uploads\/2014\/04\/IMG_8306-300x236.jpg 300w, http:\/\/www.elainklinikkakotisalo.fi\/milfeddyg\/wp-content\/uploads\/2014\/04\/IMG_8306.jpg 1024w\" sizes=\"auto, (max-width: 300px) 100vw, 300px\" \/><\/a><p id=\"caption-attachment-3607\" class=\"wp-caption-text\">Tauko laavulla<\/p><\/div>\n<div id=\"attachment_3608\" style=\"width: 310px\" class=\"wp-caption alignright\"><a href=\"http:\/\/www.elainklinikkakotisalo.fi\/milfeddyg\/wp-content\/uploads\/2014\/04\/IMG_8395.jpg\" rel=\"lightbox[3601]\"><img loading=\"lazy\" decoding=\"async\" aria-describedby=\"caption-attachment-3608\" class=\"size-medium wp-image-3608\" alt=\"Prinka nauttii juoksemisesta\" src=\"http:\/\/www.elainklinikkakotisalo.fi\/milfeddyg\/wp-content\/uploads\/2014\/04\/IMG_8395-300x265.jpg\" width=\"300\" height=\"265\" srcset=\"http:\/\/www.elainklinikkakotisalo.fi\/milfeddyg\/wp-content\/uploads\/2014\/04\/IMG_8395-300x265.jpg 300w, http:\/\/www.elainklinikkakotisalo.fi\/milfeddyg\/wp-content\/uploads\/2014\/04\/IMG_8395.jpg 1024w\" sizes=\"auto, (max-width: 300px) 100vw, 300px\" \/><\/a><p id=\"caption-attachment-3608\" class=\"wp-caption-text\">Prinka nauttii juoksemisesta<\/p><\/div>\n<p>&nbsp;<\/p>\n<p>&nbsp;<\/p>\n<p>&nbsp;<\/p>\n<p>&nbsp;<\/p>\n<p>&nbsp;<\/p>\n<p>&nbsp;<\/p>\n<p>&nbsp;<\/p>\n<p>&nbsp;<\/p>\n<p>&nbsp;<\/p>\n<p>&nbsp;<\/p>\n<p>Ei loma ihan pelkk\u00e4\u00e4 urheilua ollut. Kyll\u00e4 siihen mahtui tanssia, herkuttelua ja leppoisaa oleilua\u00a0 tunnelmallisessa m\u00f6kiss\u00e4. V\u00e4lill\u00e4 maistui olut tai minttukaakao hiihtolenkin j\u00e4lkeen terassilla taivaallisen hyv\u00e4lle. Perinteen mukaan k\u00e4ytiin my\u00f6s Vinkkarin after-skiss\u00e4 jammailemassa p\u00f6yd\u00e4ll\u00e4.<\/p>\n<div id=\"attachment_3609\" style=\"width: 310px\" class=\"wp-caption alignleft\"><a href=\"http:\/\/www.elainklinikkakotisalo.fi\/milfeddyg\/wp-content\/uploads\/2014\/04\/IMG_8404.jpg\" rel=\"lightbox[3601]\"><img loading=\"lazy\" decoding=\"async\" aria-describedby=\"caption-attachment-3609\" class=\"size-medium wp-image-3609\" alt=\"lepoa hiihtolenkin j\u00e4lkeen\" src=\"http:\/\/www.elainklinikkakotisalo.fi\/milfeddyg\/wp-content\/uploads\/2014\/04\/IMG_8404-300x200.jpg\" width=\"300\" height=\"200\" srcset=\"http:\/\/www.elainklinikkakotisalo.fi\/milfeddyg\/wp-content\/uploads\/2014\/04\/IMG_8404-300x200.jpg 300w, http:\/\/www.elainklinikkakotisalo.fi\/milfeddyg\/wp-content\/uploads\/2014\/04\/IMG_8404.jpg 1024w\" sizes=\"auto, (max-width: 300px) 100vw, 300px\" \/><\/a><p id=\"caption-attachment-3609\" class=\"wp-caption-text\">lepoa hiihtolenkin j\u00e4lkeen<\/p><\/div>\n<p>&nbsp;<\/p>\n<p><a href=\"http:\/\/www.elainklinikkakotisalo.fi\/milfeddyg\/wp-content\/uploads\/2014\/04\/IMG_8433.jpg\" rel=\"lightbox[3601]\"><img loading=\"lazy\" decoding=\"async\" class=\"alignright size-medium wp-image-3610\" alt=\"IMG_8433\" src=\"http:\/\/www.elainklinikkakotisalo.fi\/milfeddyg\/wp-content\/uploads\/2014\/04\/IMG_8433-200x300.jpg\" width=\"200\" height=\"300\" srcset=\"http:\/\/www.elainklinikkakotisalo.fi\/milfeddyg\/wp-content\/uploads\/2014\/04\/IMG_8433-200x300.jpg 200w, http:\/\/www.elainklinikkakotisalo.fi\/milfeddyg\/wp-content\/uploads\/2014\/04\/IMG_8433.jpg 683w\" sizes=\"auto, (max-width: 200px) 100vw, 200px\" \/><\/a><\/p>\n<p>&nbsp;<\/p>\n<p>&nbsp;<\/p>\n<p>&nbsp;<\/p>\n<p>&nbsp;<\/p>\n<p>&nbsp;<\/p>\n<p>&nbsp;<\/p>\n<p>&nbsp;<\/p>\n<p>&nbsp;<\/p>\n<p>&nbsp;<\/p>\n<p><a href=\"http:\/\/www.elainklinikkakotisalo.fi\/milfeddyg\/wp-content\/uploads\/2014\/04\/IMG_8416.jpg\" rel=\"lightbox[3601]\"><img loading=\"lazy\" decoding=\"async\" class=\"aligncenter size-medium wp-image-3611\" alt=\"IMG_8416\" src=\"http:\/\/www.elainklinikkakotisalo.fi\/milfeddyg\/wp-content\/uploads\/2014\/04\/IMG_8416-300x200.jpg\" width=\"300\" height=\"200\" srcset=\"http:\/\/www.elainklinikkakotisalo.fi\/milfeddyg\/wp-content\/uploads\/2014\/04\/IMG_8416-300x200.jpg 300w, http:\/\/www.elainklinikkakotisalo.fi\/milfeddyg\/wp-content\/uploads\/2014\/04\/IMG_8416.jpg 1024w\" sizes=\"auto, (max-width: 300px) 100vw, 300px\" \/><\/a><\/p>\n<p>Tulipa varattua m\u00f6kki ensi vuodeksikin.<\/p>\n<p>&nbsp;<\/p>\n","protected":false},"excerpt":{"rendered":"<p>24.3.2014\u00a0\u00a0 tuli vuosi siit\u00e4, kun menetin koirien koiran Ettan Levill\u00e4 lomaillessamme. T\u00e4n\u00e4 kev\u00e4\u00e4n\u00e4 p\u00e4\u00e4timme kuitenkin menn\u00e4 samaan m\u00f6kkiin samaan aikaan ja l\u00e4hes samalla porukallakin kuin viime vuonna. Vain Ettan tilalla mukana oli teinikoira Prinka. Olin empinyt koko lomalle l\u00e4ht\u00f6\u00e4 viime tinkaan, mutta lopulta p\u00e4\u00e4tin, ett\u00e4 paha karma on voitettava ja kohdattava tuo paikka uudelleen. Muistokynttil\u00e4 [&hellip;]<\/p>\n","protected":false},"author":3,"featured_media":0,"comment_status":"open","ping_status":"open","sticky":false,"template":"","format":"standard","meta":{"footnotes":""},"categories":[1],"tags":[],"class_list":["post-3601","post","type-post","status-publish","format-standard","hentry","category-blogi"],"_links":{"self":[{"href":"http:\/\/www.elainklinikkakotisalo.fi\/milfeddyg\/wp-json\/wp\/v2\/posts\/3601","targetHints":{"allow":["GET"]}}],"collection":[{"href":"http:\/\/www.elainklinikkakotisalo.fi\/milfeddyg\/wp-json\/wp\/v2\/posts"}],"about":[{"href":"http:\/\/www.elainklinikkakotisalo.fi\/milfeddyg\/wp-json\/wp\/v2\/types\/post"}],"author":[{"embeddable":true,"href":"http:\/\/www.elainklinikkakotisalo.fi\/milfeddyg\/wp-json\/wp\/v2\/users\/3"}],"replies":[{"embeddable":true,"href":"http:\/\/www.elainklinikkakotisalo.fi\/milfeddyg\/wp-json\/wp\/v2\/comments?post=3601"}],"version-history":[{"count":3,"href":"http:\/\/www.elainklinikkakotisalo.fi\/milfeddyg\/wp-json\/wp\/v2\/posts\/3601\/revisions"}],"predecessor-version":[{"id":3613,"href":"http:\/\/www.elainklinikkakotisalo.fi\/milfeddyg\/wp-json\/wp\/v2\/posts\/3601\/revisions\/3613"}],"wp:attachment":[{"href":"http:\/\/www.elainklinikkakotisalo.fi\/milfeddyg\/wp-json\/wp\/v2\/media?parent=3601"}],"wp:term":[{"taxonomy":"category","embeddable":true,"href":"http:\/\/www.elainklinikkakotisalo.fi\/milfeddyg\/wp-json\/wp\/v2\/categories?post=3601"},{"taxonomy":"post_tag","embeddable":true,"href":"http:\/\/www.elainklinikkakotisalo.fi\/milfeddyg\/wp-json\/wp\/v2\/tags?post=3601"}],"curies":[{"name":"wp","href":"https:\/\/api.w.org\/{rel}","templated":true}]}}