{"id":3529,"date":"2014-01-30T23:10:12","date_gmt":"2014-01-30T21:10:12","guid":{"rendered":"http:\/\/www.elainklinikkakotisalo.fi\/milfeddyg\/?p=3529"},"modified":"2014-01-30T23:11:43","modified_gmt":"2014-01-30T21:11:43","slug":"kylmaa-tammikuussa-2014","status":"publish","type":"post","link":"http:\/\/www.elainklinikkakotisalo.fi\/milfeddyg\/kylmaa-tammikuussa-2014\/","title":{"rendered":"Kylm\u00e4\u00e4 tammikuussa 2014"},"content":{"rendered":"<p>PRINKAN ENSIMM\u00c4INEN PENTUN\u00c4YTTELY<\/p>\n<p>Prinkan ensimm\u00e4inen n\u00e4yttelykokemus oli Lahden pentun\u00e4yttelyss\u00e4. N\u00e4ytteill\u00e4 oli yli 600 pentua. Keh\u00e4ss\u00e4 n\u00e4htiin\u00a0 3 kooikeri narttupentua, kaikki 7-9 kk ik\u00e4isten sarjassa. Vonnekin oli ilmoitettu nuorempien pentujen luokkaan, mutta ik\u00e4v\u00e4 kyll\u00e4 se ei ollut paikalla. Harmi, sill\u00e4 olisin niin mielell\u00e4ni n\u00e4hnyt\u00a0 Kelmin kauniin lapsenlapsen liven\u00e4. Mutta tulee varmaan viel\u00e4 n\u00e4yttelyit\u00e4 ja muita tapaamisia, joissa on mahdollisuus tutustua Vonneen.<\/p>\n<p>Prinka k\u00e4ytt\u00e4ytyi n\u00e4yttelyss\u00e4 mallikelpoisesti. Sit\u00e4 ei stressannut lainkaan messuhallin h\u00e4lin\u00e4 ja v\u00e4enpaljous. Se suhtautui rauhallisesti muihin koiriin ja olisi halunnut tehd\u00e4 l\u00e4hemp\u00e4\u00e4kin tuttavuutta muiden kanssa jos siihen olisi ollut mahdollisuus. Keh\u00e4ss\u00e4 se esiintyi mallikelpoisesti, jaksoi seist\u00e4 kauniisti riitt\u00e4v\u00e4n kauan ja juoksi keh\u00e4ss\u00e4 niin kuin kokenut keh\u00e4kettu.<\/p>\n<div id=\"attachment_3530\" style=\"width: 310px\" class=\"wp-caption aligncenter\"><a href=\"http:\/\/www.elainklinikkakotisalo.fi\/milfeddyg\/wp-content\/uploads\/2014\/01\/IMG_7359.jpg\" rel=\"lightbox[3529]\"><img loading=\"lazy\" decoding=\"async\" aria-describedby=\"caption-attachment-3530\" class=\"size-medium wp-image-3530\" alt=\"Prinka arvosteltavana \" src=\"http:\/\/www.elainklinikkakotisalo.fi\/milfeddyg\/wp-content\/uploads\/2014\/01\/IMG_7359-300x287.jpg\" width=\"300\" height=\"287\" srcset=\"http:\/\/www.elainklinikkakotisalo.fi\/milfeddyg\/wp-content\/uploads\/2014\/01\/IMG_7359-300x287.jpg 300w, http:\/\/www.elainklinikkakotisalo.fi\/milfeddyg\/wp-content\/uploads\/2014\/01\/IMG_7359.jpg 1024w\" sizes=\"auto, (max-width: 300px) 100vw, 300px\" \/><\/a><p id=\"caption-attachment-3530\" class=\"wp-caption-text\">Prinka arvosteltavana<\/p><\/div>\n<p>&nbsp;<\/p>\n<p><em>Arvostelu oli oikein mukava: Feminiininen, kaunisilmeinen p\u00e4\u00e4, hyv\u00e4t korvakorut, sopiva kaulan pituus, oikea raajaluuston voimakkuus, riitt\u00e4v\u00e4 raajakorkeus. Erinomainen pitk\u00e4 rintakeh\u00e4, korkea h\u00e4nn\u00e4n kanto, oikea karvapeitteen laatu, liikkuu hyvin, esimerkillinen k\u00e4yt\u00f6s ja esiintyminen.<\/em><\/p>\n<p>Prinka sijoittui luokassa toiseksi.<\/p>\n<p>Seuraava ja viimeiseksi j\u00e4\u00e4v\u00e4 pentuluokan esiintyminen on Jyv\u00e4skyl\u00e4n KV-n\u00e4yttelyss\u00e4 23.2. Sinne l\u00e4htee mukaan my\u00f6s Kelmi veteraaniluokkaan. Lauantaina 22.2. Kelmi osallistuu rally-tokokisaan. Jos hyvin menee, saa Kelmi RTK-3 koulutustunnuksen ja siirtyy mestariluokkaan. Mutta ei nuolaista ennen kuin &#8230;<\/p>\n<p>Sit\u00e4 ennen pit\u00e4\u00e4 hioa viel\u00e4 voittajaluokan liikkeit\u00e4 varmemmaksi ja harjoitella muutama voittajaluokan rata.<\/p>\n<p>KYLM\u00c4\u00c4 TAMMIKUUSSA<\/p>\n<p>Tammikuu on ollut tosi kylm\u00e4n tuntuinen lauhan alkutalven j\u00e4lkeen. Pakkanen on pysytellyt toista viikkoa 12-20 asteen v\u00e4lill\u00e4. Luntakin on tullut hiukan, mutta niin v\u00e4h\u00e4n, ett\u00e4 kolaa ei ole t\u00e4n\u00e4 talvena tarvinnut k\u00e4ytt\u00e4\u00e4 kuin kerran joulukuun alkupuolella.<\/p>\n<p>J\u00e4\u00e4ll\u00e4 on nyt mukava k\u00e4vell\u00e4, kun lunta ei ole paljoa j\u00e4\u00e4n p\u00e4\u00e4ll\u00e4. Hiiht\u00e4m\u00e4\u00e4nkin siell\u00e4 jo p\u00e4\u00e4sisi, mutta viel\u00e4 sukset on j\u00e4\u00e4neet autotalliin odottamaan v\u00e4h\u00e4n paksumpaa hankea. Jos toista viikkoa on ollut tosi kauniita aurinkoisia p\u00e4ivi\u00e4, mik\u00e4 antaa taas energiaa pitk\u00e4n pimeyden j\u00e4lkeen.<\/p>\n<p>Kelmi on koiristani herkk\u00e4tassuisin. Yli 15 asteen pakkasessa se nostelee tassujaan ahkerasti ja kinkkaa v\u00e4lill\u00e4 kolmella jalalla. L\u00e4mpim\u00e4t neopreenitossut vedet\u00e4\u00e4n silloin lenkille jalkaan ja taas meno maistuu pojalle. Prinka ja Lempi eiv\u00e4t niink\u00e4\u00e4n n\u00e4yt\u00e4 palelevan tassuistaan. Kaikille olen kyll\u00e4 pukenut l\u00e4mpim\u00e4n talvitakin, kun pakkanen on ollut kire\u00e4\u00e4. Kyll\u00e4 kooikeri tarkenisi ilman takkiakin lliikkuessaan, mutta haluan varjella niiden lihaksia turhilta jumituksilta kylm\u00e4ss\u00e4 s\u00e4\u00e4ss\u00e4.<\/p>\n<div id=\"attachment_3531\" style=\"width: 310px\" class=\"wp-caption alignleft\"><a href=\"http:\/\/www.elainklinikkakotisalo.fi\/milfeddyg\/wp-content\/uploads\/2014\/01\/IMG_7385.jpg\" rel=\"lightbox[3529]\"><img loading=\"lazy\" decoding=\"async\" aria-describedby=\"caption-attachment-3531\" class=\"size-medium wp-image-3531\" alt=\"Kelmi tarkenee tossut jalassa ja Pomppa p\u00e4\u00e4ll\u00e4\" src=\"http:\/\/www.elainklinikkakotisalo.fi\/milfeddyg\/wp-content\/uploads\/2014\/01\/IMG_7385-300x200.jpg\" width=\"300\" height=\"200\" srcset=\"http:\/\/www.elainklinikkakotisalo.fi\/milfeddyg\/wp-content\/uploads\/2014\/01\/IMG_7385-300x200.jpg 300w, http:\/\/www.elainklinikkakotisalo.fi\/milfeddyg\/wp-content\/uploads\/2014\/01\/IMG_7385.jpg 1024w\" sizes=\"auto, (max-width: 300px) 100vw, 300px\" \/><\/a><p id=\"caption-attachment-3531\" class=\"wp-caption-text\">Kelmi tarkenee tossut jalassa ja Pomppa p\u00e4\u00e4ll\u00e4<\/p><\/div>\n<div id=\"attachment_3532\" style=\"width: 310px\" class=\"wp-caption alignright\"><a href=\"http:\/\/www.elainklinikkakotisalo.fi\/milfeddyg\/wp-content\/uploads\/2014\/01\/IMG_7384.jpg\" rel=\"lightbox[3529]\"><img loading=\"lazy\" decoding=\"async\" aria-describedby=\"caption-attachment-3532\" class=\"size-medium wp-image-3532\" alt=\"Prinkan p\u00e4\u00e4ll\u00e4 on Piskun vanha loimi\" src=\"http:\/\/www.elainklinikkakotisalo.fi\/milfeddyg\/wp-content\/uploads\/2014\/01\/IMG_7384-300x192.jpg\" width=\"300\" height=\"192\" srcset=\"http:\/\/www.elainklinikkakotisalo.fi\/milfeddyg\/wp-content\/uploads\/2014\/01\/IMG_7384-300x192.jpg 300w, http:\/\/www.elainklinikkakotisalo.fi\/milfeddyg\/wp-content\/uploads\/2014\/01\/IMG_7384.jpg 1024w\" sizes=\"auto, (max-width: 300px) 100vw, 300px\" \/><\/a><p id=\"caption-attachment-3532\" class=\"wp-caption-text\">Prinkan p\u00e4\u00e4ll\u00e4 on Piskun vanha loimi<\/p><\/div>\n<p>&nbsp;<\/p>\n<p>&nbsp;<\/p>\n<p>&nbsp;<\/p>\n<p>&nbsp;<\/p>\n<p>&nbsp;<\/p>\n<p>&nbsp;<\/p>\n<p>&nbsp;<\/p>\n<p>&nbsp;<\/p>\n<p>&nbsp;<\/p>\n<p>&nbsp;<\/p>\n<p>&nbsp;<\/p>\n<p>&nbsp;<\/p>\n<p>&nbsp;<\/p>\n<p>&nbsp;<\/p>\n<p>&nbsp;<\/p>\n<p>&nbsp;<\/p>\n<p>Kaikkein kovimmalla pakkasella maal\u00e4mp\u00f6pumun kompressori lakkasi toimimasta ja talo alkoi viilenty\u00e4 y\u00f6n aikana. Aamulla sis\u00e4ll\u00e4 oli 15 astetta l\u00e4mmint\u00e4 ja ulkona kire\u00e4 pakkanen. Onneksi saimme huoltomiehen lauantaina apuun ja takkatulikin l\u00e4mmitti mukavasti. Talo l\u00e4mpesi viikon ajan s\u00e4hk\u00f6ll\u00e4 kunnes kompressori saatiin vaihdettua.<\/p>\n<p>Kuvassa Lempi- muori l\u00e4mmittelee shaalin alla sohvan uumenissa.<\/p>\n<p><a href=\"http:\/\/www.elainklinikkakotisalo.fi\/milfeddyg\/wp-content\/uploads\/2014\/01\/IMG_7379.jpg\" rel=\"lightbox[3529]\"><img loading=\"lazy\" decoding=\"async\" class=\"aligncenter size-medium wp-image-3533\" alt=\"IMG_7379\" src=\"http:\/\/www.elainklinikkakotisalo.fi\/milfeddyg\/wp-content\/uploads\/2014\/01\/IMG_7379-300x200.jpg\" width=\"300\" height=\"200\" srcset=\"http:\/\/www.elainklinikkakotisalo.fi\/milfeddyg\/wp-content\/uploads\/2014\/01\/IMG_7379-300x200.jpg 300w, http:\/\/www.elainklinikkakotisalo.fi\/milfeddyg\/wp-content\/uploads\/2014\/01\/IMG_7379.jpg 1024w\" sizes=\"auto, (max-width: 300px) 100vw, 300px\" \/><\/a><\/p>\n<p>Aurinkoiset pakkaskelit antavat jo lupausta tulevasta kev\u00e4\u00e4st\u00e4. Luonto on kaunista kaikkina vuoden aikoina.<\/p>\n<p><a href=\"http:\/\/www.elainklinikkakotisalo.fi\/milfeddyg\/wp-content\/uploads\/2014\/01\/IMG_7311.jpg\" rel=\"lightbox[3529]\"><img loading=\"lazy\" decoding=\"async\" class=\"alignleft size-medium wp-image-3535\" alt=\"n\u00e4kym\u00e4 kanavalle pihalta\" src=\"http:\/\/www.elainklinikkakotisalo.fi\/milfeddyg\/wp-content\/uploads\/2014\/01\/IMG_7311-300x200.jpg\" width=\"300\" height=\"200\" srcset=\"http:\/\/www.elainklinikkakotisalo.fi\/milfeddyg\/wp-content\/uploads\/2014\/01\/IMG_7311-300x200.jpg 300w, http:\/\/www.elainklinikkakotisalo.fi\/milfeddyg\/wp-content\/uploads\/2014\/01\/IMG_7311.jpg 1024w\" sizes=\"auto, (max-width: 300px) 100vw, 300px\" \/><\/a><a href=\"http:\/\/www.elainklinikkakotisalo.fi\/milfeddyg\/wp-content\/uploads\/2014\/01\/IMG_7324.jpg\" rel=\"lightbox[3529]\"><img loading=\"lazy\" decoding=\"async\" class=\"alignright size-medium wp-image-3536\" alt=\"IMG_7324\" src=\"http:\/\/www.elainklinikkakotisalo.fi\/milfeddyg\/wp-content\/uploads\/2014\/01\/IMG_7324-300x200.jpg\" width=\"300\" height=\"200\" srcset=\"http:\/\/www.elainklinikkakotisalo.fi\/milfeddyg\/wp-content\/uploads\/2014\/01\/IMG_7324-300x200.jpg 300w, http:\/\/www.elainklinikkakotisalo.fi\/milfeddyg\/wp-content\/uploads\/2014\/01\/IMG_7324.jpg 1024w\" sizes=\"auto, (max-width: 300px) 100vw, 300px\" \/><\/a><\/p>\n<p>&nbsp;<\/p>\n<p>&nbsp;<\/p>\n<p>&nbsp;<\/p>\n<p>&nbsp;<\/p>\n<p>&nbsp;<\/p>\n<p>&nbsp;<\/p>\n<p>&nbsp;<\/p>\n<p>&nbsp;<\/p>\n<p>&nbsp;<\/p>\n<p>&nbsp;<\/p>\n<p>&nbsp;<\/p>\n<p>&nbsp;<\/p>\n<p>Koiraharrastukset jatkuvat l\u00e4pi talven. Prinkan kanssa on aloitettu agilityharjoitukset 5 koiran penturyhm\u00e4ss\u00e4. Tammikuun olemme harjoitelleet\u00a0 minun opastuksella ja helmikuun alusta Elina Kylli\u00e4inen alkaa vet\u00e4\u00e4 meid\u00e4n treenej\u00e4. Tammikuussa on l\u00e4hinn\u00e4 luotu pohjaa tuleville &#8221;oikeille &#8221; treeneille eli on leikitty, totuteltu ryhm\u00e4n muihin ohjaajiin ja koiriin ja vahvistettu kontaktia ja hallittavuutta. Toki on jo v\u00e4h\u00e4n tutustuttu esteisiinkin. On menty\u00a0 putkea ja putki+ hyppy-yhdistelm\u00e4\u00e4, hyppytekniikkaharjoittelua, puomin kontaktia, 4 kepin p\u00e4tk\u00e4\u00e4 verkoilla.<\/p>\n<p>Lis\u00e4ki olemme k\u00e4yneet l\u00e4hes viikottain Siljan kanssa treenaamassa, jolloin kaikki 3 koiraa ( Hilma, Kelmi ja Prinka) ovat p\u00e4\u00e4sseet harjoittelemaan. Hilma on jo tosi taitava ja vauhdikas ja kontaktiongelma n\u00e4ytt\u00e4isi olevan ainakin treenien perusteella mennytt\u00e4. N\u00e4iss\u00e4 treeneiss\u00e4 Prinka on p\u00e4\u00e4ssyt kokeilemaan my\u00f6s pussia, pituutta ja v\u00e4h\u00e4n keinuakin.<\/p>\n<p>Agilityn lis\u00e4ki Prinka on tammikuun ajan k\u00e4ynyt harjoittelemassa n\u00e4yttelyesiintymist\u00e4 koirakoulu Nuuskun kurssilla. Kurssista on j\u00e4ljell\u00e4 en\u00e4\u00e4 yksi kerta. Vaikka pid\u00e4n itse\u00e4ni aika kokeneena koiran esitt\u00e4j\u00e4n\u00e4 sain ilokseni huomata, ett\u00e4 kurssilla sai monta hyv\u00e4\u00e4 vinkki\u00e4 n\u00e4yttelykoulutukseen.<\/p>\n<p>&nbsp;<\/p>\n<p>&nbsp;<\/p>\n","protected":false},"excerpt":{"rendered":"<p>PRINKAN ENSIMM\u00c4INEN PENTUN\u00c4YTTELY Prinkan ensimm\u00e4inen n\u00e4yttelykokemus oli Lahden pentun\u00e4yttelyss\u00e4. N\u00e4ytteill\u00e4 oli yli 600 pentua. Keh\u00e4ss\u00e4 n\u00e4htiin\u00a0 3 kooikeri narttupentua, kaikki 7-9 kk ik\u00e4isten sarjassa. Vonnekin oli ilmoitettu nuorempien pentujen luokkaan, mutta ik\u00e4v\u00e4 kyll\u00e4 se ei ollut paikalla. Harmi, sill\u00e4 olisin niin mielell\u00e4ni n\u00e4hnyt\u00a0 Kelmin kauniin lapsenlapsen liven\u00e4. Mutta tulee varmaan viel\u00e4 n\u00e4yttelyit\u00e4 ja muita tapaamisia, [&hellip;]<\/p>\n","protected":false},"author":3,"featured_media":0,"comment_status":"open","ping_status":"open","sticky":false,"template":"","format":"standard","meta":{"footnotes":""},"categories":[1],"tags":[],"class_list":["post-3529","post","type-post","status-publish","format-standard","hentry","category-blogi"],"_links":{"self":[{"href":"http:\/\/www.elainklinikkakotisalo.fi\/milfeddyg\/wp-json\/wp\/v2\/posts\/3529","targetHints":{"allow":["GET"]}}],"collection":[{"href":"http:\/\/www.elainklinikkakotisalo.fi\/milfeddyg\/wp-json\/wp\/v2\/posts"}],"about":[{"href":"http:\/\/www.elainklinikkakotisalo.fi\/milfeddyg\/wp-json\/wp\/v2\/types\/post"}],"author":[{"embeddable":true,"href":"http:\/\/www.elainklinikkakotisalo.fi\/milfeddyg\/wp-json\/wp\/v2\/users\/3"}],"replies":[{"embeddable":true,"href":"http:\/\/www.elainklinikkakotisalo.fi\/milfeddyg\/wp-json\/wp\/v2\/comments?post=3529"}],"version-history":[{"count":2,"href":"http:\/\/www.elainklinikkakotisalo.fi\/milfeddyg\/wp-json\/wp\/v2\/posts\/3529\/revisions"}],"predecessor-version":[{"id":3537,"href":"http:\/\/www.elainklinikkakotisalo.fi\/milfeddyg\/wp-json\/wp\/v2\/posts\/3529\/revisions\/3537"}],"wp:attachment":[{"href":"http:\/\/www.elainklinikkakotisalo.fi\/milfeddyg\/wp-json\/wp\/v2\/media?parent=3529"}],"wp:term":[{"taxonomy":"category","embeddable":true,"href":"http:\/\/www.elainklinikkakotisalo.fi\/milfeddyg\/wp-json\/wp\/v2\/categories?post=3529"},{"taxonomy":"post_tag","embeddable":true,"href":"http:\/\/www.elainklinikkakotisalo.fi\/milfeddyg\/wp-json\/wp\/v2\/tags?post=3529"}],"curies":[{"name":"wp","href":"https:\/\/api.w.org\/{rel}","templated":true}]}}