{"id":3509,"date":"2014-01-06T21:15:40","date_gmt":"2014-01-06T19:15:40","guid":{"rendered":"http:\/\/www.elainklinikkakotisalo.fi\/milfeddyg\/?p=3509"},"modified":"2014-01-06T21:15:40","modified_gmt":"2014-01-06T19:15:40","slug":"kuvaterveiset-pellelta","status":"publish","type":"post","link":"http:\/\/www.elainklinikkakotisalo.fi\/milfeddyg\/kuvaterveiset-pellelta\/","title":{"rendered":"Kuvaterveiset Pellelt\u00e4"},"content":{"rendered":"<p>Pesoset laittoivat s\u00e4hk\u00f6postilla kuvaterveiset Pellelt\u00e4 Jyv\u00e4skyl\u00e4st\u00e4. Pelle eli entinen Timo on oikein reipas poika ja suurimman osan ajasta oikein kiltti pentu. V\u00e4lill\u00e4 meinaa leikit v\u00e4h\u00e4n menn\u00e4 yli v\u00e4symyksen tai innostuksen vuoksi ja silloin meinaa unohtua, ett\u00e4 hampaita ei saa k\u00e4ytt\u00e4\u00e4 ihmisten k\u00e4siin tai jalkoihin.<\/p>\n<p>T\u00e4ss\u00e4 kuvia Pellest\u00e4 3 kuukauden vanhana:<\/p>\n<div id=\"attachment_3510\" style=\"width: 310px\" class=\"wp-caption alignnone\"><a href=\"http:\/\/www.elainklinikkakotisalo.fi\/milfeddyg\/wp-content\/uploads\/2014\/01\/Pelle11.jpg\" rel=\"lightbox[3509]\"><img loading=\"lazy\" decoding=\"async\" aria-describedby=\"caption-attachment-3510\" class=\"size-medium wp-image-3510\" alt=\"Autossa matkalla Saarij\u00e4rven mummolaan. Elsa vieress\u00e4.\" src=\"http:\/\/www.elainklinikkakotisalo.fi\/milfeddyg\/wp-content\/uploads\/2014\/01\/Pelle11-300x225.jpg\" width=\"300\" height=\"225\" srcset=\"http:\/\/www.elainklinikkakotisalo.fi\/milfeddyg\/wp-content\/uploads\/2014\/01\/Pelle11-300x225.jpg 300w, http:\/\/www.elainklinikkakotisalo.fi\/milfeddyg\/wp-content\/uploads\/2014\/01\/Pelle11.jpg 676w\" sizes=\"auto, (max-width: 300px) 100vw, 300px\" \/><\/a><p id=\"caption-attachment-3510\" class=\"wp-caption-text\">Autossa matkalla Saarij\u00e4rven mummolaan. Elsa vieress\u00e4.<\/p><\/div>\n<div id=\"attachment_3511\" style=\"width: 310px\" class=\"wp-caption alignnone\"><a href=\"http:\/\/www.elainklinikkakotisalo.fi\/milfeddyg\/wp-content\/uploads\/2014\/01\/Pelle2.jpg\" rel=\"lightbox[3509]\"><img loading=\"lazy\" decoding=\"async\" aria-describedby=\"caption-attachment-3511\" class=\"size-medium wp-image-3511\" alt=\"Uuden vuoden paukkeesta huolimatta uni maistui.\" src=\"http:\/\/www.elainklinikkakotisalo.fi\/milfeddyg\/wp-content\/uploads\/2014\/01\/Pelle2-300x225.jpg\" width=\"300\" height=\"225\" srcset=\"http:\/\/www.elainklinikkakotisalo.fi\/milfeddyg\/wp-content\/uploads\/2014\/01\/Pelle2-300x225.jpg 300w, http:\/\/www.elainklinikkakotisalo.fi\/milfeddyg\/wp-content\/uploads\/2014\/01\/Pelle2.jpg 676w\" sizes=\"auto, (max-width: 300px) 100vw, 300px\" \/><\/a><p id=\"caption-attachment-3511\" class=\"wp-caption-text\">Uuden vuoden paukkeesta huolimatta uni maistui.<\/p><\/div>\n<div id=\"attachment_3515\" style=\"width: 310px\" class=\"wp-caption alignnone\"><a href=\"http:\/\/www.elainklinikkakotisalo.fi\/milfeddyg\/wp-content\/uploads\/2014\/01\/Pelle6.jpg\" rel=\"lightbox[3509]\"><img loading=\"lazy\" decoding=\"async\" aria-describedby=\"caption-attachment-3515\" class=\"size-medium wp-image-3515\" alt=\"Pelle 5.1. \" src=\"http:\/\/www.elainklinikkakotisalo.fi\/milfeddyg\/wp-content\/uploads\/2014\/01\/Pelle6-300x225.jpg\" width=\"300\" height=\"225\" srcset=\"http:\/\/www.elainklinikkakotisalo.fi\/milfeddyg\/wp-content\/uploads\/2014\/01\/Pelle6-300x225.jpg 300w, http:\/\/www.elainklinikkakotisalo.fi\/milfeddyg\/wp-content\/uploads\/2014\/01\/Pelle6.jpg 676w\" sizes=\"auto, (max-width: 300px) 100vw, 300px\" \/><\/a><p id=\"caption-attachment-3515\" class=\"wp-caption-text\">Pelle 5.1.<\/p><\/div>\n<div id=\"attachment_3514\" style=\"width: 235px\" class=\"wp-caption alignnone\"><a href=\"http:\/\/www.elainklinikkakotisalo.fi\/milfeddyg\/wp-content\/uploads\/2014\/01\/Pelle5.jpg\" rel=\"lightbox[3509]\"><img loading=\"lazy\" decoding=\"async\" aria-describedby=\"caption-attachment-3514\" class=\"size-medium wp-image-3514\" alt=\"Sylittelyhetki p\u00e4iv\u00e4k\u00e4velyn j\u00e4lkeen eteisess\u00e4 5.1.\" src=\"http:\/\/www.elainklinikkakotisalo.fi\/milfeddyg\/wp-content\/uploads\/2014\/01\/Pelle5-225x300.jpg\" width=\"225\" height=\"300\" srcset=\"http:\/\/www.elainklinikkakotisalo.fi\/milfeddyg\/wp-content\/uploads\/2014\/01\/Pelle5-225x300.jpg 225w, http:\/\/www.elainklinikkakotisalo.fi\/milfeddyg\/wp-content\/uploads\/2014\/01\/Pelle5.jpg 507w\" sizes=\"auto, (max-width: 225px) 100vw, 225px\" \/><\/a><p id=\"caption-attachment-3514\" class=\"wp-caption-text\">Sylittelyhetki p\u00e4iv\u00e4k\u00e4velyn j\u00e4lkeen eteisess\u00e4 5.1.<\/p><\/div>\n<div id=\"attachment_3513\" style=\"width: 310px\" class=\"wp-caption alignnone\"><a href=\"http:\/\/www.elainklinikkakotisalo.fi\/milfeddyg\/wp-content\/uploads\/2014\/01\/Pelle4.jpg\" rel=\"lightbox[3509]\"><img loading=\"lazy\" decoding=\"async\" aria-describedby=\"caption-attachment-3513\" class=\"size-medium wp-image-3513\" alt=\"Lukutuokio Venlan kanssa mummolassa tapaninp\u00e4iv\u00e4n\u00e4.\" src=\"http:\/\/www.elainklinikkakotisalo.fi\/milfeddyg\/wp-content\/uploads\/2014\/01\/Pelle4-300x225.jpg\" width=\"300\" height=\"225\" srcset=\"http:\/\/www.elainklinikkakotisalo.fi\/milfeddyg\/wp-content\/uploads\/2014\/01\/Pelle4-300x225.jpg 300w, http:\/\/www.elainklinikkakotisalo.fi\/milfeddyg\/wp-content\/uploads\/2014\/01\/Pelle4.jpg 676w\" sizes=\"auto, (max-width: 300px) 100vw, 300px\" \/><\/a><p id=\"caption-attachment-3513\" class=\"wp-caption-text\">Lukutuokio Venlan kanssa mummolassa tapaninp\u00e4iv\u00e4n\u00e4.<\/p><\/div>\n<div id=\"attachment_3512\" style=\"width: 310px\" class=\"wp-caption alignnone\"><a href=\"http:\/\/www.elainklinikkakotisalo.fi\/milfeddyg\/wp-content\/uploads\/2014\/01\/Pelle3.jpg\" rel=\"lightbox[3509]\"><img loading=\"lazy\" decoding=\"async\" aria-describedby=\"caption-attachment-3512\" class=\"size-medium wp-image-3512\" alt=\"Suloinen pikku-Pelle joulun aikaan.\" src=\"http:\/\/www.elainklinikkakotisalo.fi\/milfeddyg\/wp-content\/uploads\/2014\/01\/Pelle3-300x225.jpg\" width=\"300\" height=\"225\" srcset=\"http:\/\/www.elainklinikkakotisalo.fi\/milfeddyg\/wp-content\/uploads\/2014\/01\/Pelle3-300x225.jpg 300w, http:\/\/www.elainklinikkakotisalo.fi\/milfeddyg\/wp-content\/uploads\/2014\/01\/Pelle3.jpg 676w\" sizes=\"auto, (max-width: 300px) 100vw, 300px\" \/><\/a><p id=\"caption-attachment-3512\" class=\"wp-caption-text\">Suloinen pikku-Pelle joulun aikaan.<\/p><\/div>\n","protected":false},"excerpt":{"rendered":"<p>Pesoset laittoivat s\u00e4hk\u00f6postilla kuvaterveiset Pellelt\u00e4 Jyv\u00e4skyl\u00e4st\u00e4. Pelle eli entinen Timo on oikein reipas poika ja suurimman osan ajasta oikein kiltti pentu. V\u00e4lill\u00e4 meinaa leikit v\u00e4h\u00e4n menn\u00e4 yli v\u00e4symyksen tai innostuksen vuoksi ja silloin meinaa unohtua, ett\u00e4 hampaita ei saa k\u00e4ytt\u00e4\u00e4 ihmisten k\u00e4siin tai jalkoihin. T\u00e4ss\u00e4 kuvia Pellest\u00e4 3 kuukauden vanhana:<\/p>\n","protected":false},"author":2,"featured_media":0,"comment_status":"open","ping_status":"open","sticky":false,"template":"","format":"standard","meta":{"footnotes":""},"categories":[1],"tags":[],"class_list":["post-3509","post","type-post","status-publish","format-standard","hentry","category-blogi"],"_links":{"self":[{"href":"http:\/\/www.elainklinikkakotisalo.fi\/milfeddyg\/wp-json\/wp\/v2\/posts\/3509","targetHints":{"allow":["GET"]}}],"collection":[{"href":"http:\/\/www.elainklinikkakotisalo.fi\/milfeddyg\/wp-json\/wp\/v2\/posts"}],"about":[{"href":"http:\/\/www.elainklinikkakotisalo.fi\/milfeddyg\/wp-json\/wp\/v2\/types\/post"}],"author":[{"embeddable":true,"href":"http:\/\/www.elainklinikkakotisalo.fi\/milfeddyg\/wp-json\/wp\/v2\/users\/2"}],"replies":[{"embeddable":true,"href":"http:\/\/www.elainklinikkakotisalo.fi\/milfeddyg\/wp-json\/wp\/v2\/comments?post=3509"}],"version-history":[{"count":2,"href":"http:\/\/www.elainklinikkakotisalo.fi\/milfeddyg\/wp-json\/wp\/v2\/posts\/3509\/revisions"}],"predecessor-version":[{"id":3517,"href":"http:\/\/www.elainklinikkakotisalo.fi\/milfeddyg\/wp-json\/wp\/v2\/posts\/3509\/revisions\/3517"}],"wp:attachment":[{"href":"http:\/\/www.elainklinikkakotisalo.fi\/milfeddyg\/wp-json\/wp\/v2\/media?parent=3509"}],"wp:term":[{"taxonomy":"category","embeddable":true,"href":"http:\/\/www.elainklinikkakotisalo.fi\/milfeddyg\/wp-json\/wp\/v2\/categories?post=3509"},{"taxonomy":"post_tag","embeddable":true,"href":"http:\/\/www.elainklinikkakotisalo.fi\/milfeddyg\/wp-json\/wp\/v2\/tags?post=3509"}],"curies":[{"name":"wp","href":"https:\/\/api.w.org\/{rel}","templated":true}]}}