{"id":3327,"date":"2013-12-02T17:56:25","date_gmt":"2013-12-02T15:56:25","guid":{"rendered":"http:\/\/www.elainklinikkakotisalo.fi\/milfeddyg\/?p=3327"},"modified":"2013-12-02T17:56:25","modified_gmt":"2013-12-02T15:56:25","slug":"pennut-lahtevat-omiin-koteihin","status":"publish","type":"post","link":"http:\/\/www.elainklinikkakotisalo.fi\/milfeddyg\/pennut-lahtevat-omiin-koteihin\/","title":{"rendered":"Pennut l\u00e4htev\u00e4t omiin koteihin"},"content":{"rendered":"<p>Heippa!<\/p>\n<p>Pikkuhiljaa pentujen tassujen tepsutus alkaa meid\u00e4n huushollissa hiljenty\u00e4. Perjantaina omiin koteihin l\u00e4htiv\u00e4t \u00c4ss\u00e4 alias Ace ja Madde. Lauantaina oman kotiin muutti Timppa alias Pelle ja sunnuntaina Monica alias Maisa l\u00e4hti kohti omaa kotia. <\/p>\n<p>\u00c4iti-Sohvin ja Hilma-siskon ilona on viel\u00e4 torstaihin asti Peppi ja Blondi. Pentujen omiin koteihin l\u00e4ht\u00f6 tuntuu katkeransuloiselta: samaan aikaan iloa ja surua. Ovat ne niin rakkaita!<\/p>\n<p>Luopumisen tuskaa onneksi helpottaa puhelut, tekstarit ja s\u00e4hk\u00f6postit, jotka kertovat, ett\u00e4 kaikki pennut ovat iloisia ja reippaita ja ovat sopeutuneet omiin koteihinsa oikein hyvin.<\/p>\n<p>Kunhan saan siirretty\u00e4 perhepotretit muistikortilta koneelle, niin laitan kuvia pennuista ja uusista onnellisista walesin omistajista \ud83d\ude42<\/p>\n<div id=\"attachment_3328\" style=\"width: 235px\" class=\"wp-caption alignnone\"><a href=\"http:\/\/www.elainklinikkakotisalo.fi\/milfeddyg\/wp-content\/uploads\/2013\/12\/image.jpg\" rel=\"lightbox[3327]\"><img loading=\"lazy\" decoding=\"async\" aria-describedby=\"caption-attachment-3328\" src=\"http:\/\/www.elainklinikkakotisalo.fi\/milfeddyg\/wp-content\/uploads\/2013\/12\/image-225x300.jpg\" alt=\"Viel\u00e4 koko katras koossa.\" width=\"225\" height=\"300\" class=\"size-medium wp-image-3328\" srcset=\"http:\/\/www.elainklinikkakotisalo.fi\/milfeddyg\/wp-content\/uploads\/2013\/12\/image-225x300.jpg 225w, http:\/\/www.elainklinikkakotisalo.fi\/milfeddyg\/wp-content\/uploads\/2013\/12\/image.jpg 720w\" sizes=\"auto, (max-width: 225px) 100vw, 225px\" \/><\/a><p id=\"caption-attachment-3328\" class=\"wp-caption-text\">Viel\u00e4 koko katras koossa.<\/p><\/div>\n<p>T. Silja<\/p>\n","protected":false},"excerpt":{"rendered":"<p>Heippa! Pikkuhiljaa pentujen tassujen tepsutus alkaa meid\u00e4n huushollissa hiljenty\u00e4. Perjantaina omiin koteihin l\u00e4htiv\u00e4t \u00c4ss\u00e4 alias Ace ja Madde. Lauantaina oman kotiin muutti Timppa alias Pelle ja sunnuntaina Monica alias Maisa l\u00e4hti kohti omaa kotia. \u00c4iti-Sohvin ja Hilma-siskon ilona on viel\u00e4 torstaihin asti Peppi ja Blondi. Pentujen omiin koteihin l\u00e4ht\u00f6 tuntuu katkeransuloiselta: samaan aikaan iloa ja [&hellip;]<\/p>\n","protected":false},"author":2,"featured_media":0,"comment_status":"open","ping_status":"open","sticky":false,"template":"","format":"standard","meta":{"footnotes":""},"categories":[1],"tags":[],"class_list":["post-3327","post","type-post","status-publish","format-standard","hentry","category-blogi"],"_links":{"self":[{"href":"http:\/\/www.elainklinikkakotisalo.fi\/milfeddyg\/wp-json\/wp\/v2\/posts\/3327","targetHints":{"allow":["GET"]}}],"collection":[{"href":"http:\/\/www.elainklinikkakotisalo.fi\/milfeddyg\/wp-json\/wp\/v2\/posts"}],"about":[{"href":"http:\/\/www.elainklinikkakotisalo.fi\/milfeddyg\/wp-json\/wp\/v2\/types\/post"}],"author":[{"embeddable":true,"href":"http:\/\/www.elainklinikkakotisalo.fi\/milfeddyg\/wp-json\/wp\/v2\/users\/2"}],"replies":[{"embeddable":true,"href":"http:\/\/www.elainklinikkakotisalo.fi\/milfeddyg\/wp-json\/wp\/v2\/comments?post=3327"}],"version-history":[{"count":1,"href":"http:\/\/www.elainklinikkakotisalo.fi\/milfeddyg\/wp-json\/wp\/v2\/posts\/3327\/revisions"}],"predecessor-version":[{"id":3329,"href":"http:\/\/www.elainklinikkakotisalo.fi\/milfeddyg\/wp-json\/wp\/v2\/posts\/3327\/revisions\/3329"}],"wp:attachment":[{"href":"http:\/\/www.elainklinikkakotisalo.fi\/milfeddyg\/wp-json\/wp\/v2\/media?parent=3327"}],"wp:term":[{"taxonomy":"category","embeddable":true,"href":"http:\/\/www.elainklinikkakotisalo.fi\/milfeddyg\/wp-json\/wp\/v2\/categories?post=3327"},{"taxonomy":"post_tag","embeddable":true,"href":"http:\/\/www.elainklinikkakotisalo.fi\/milfeddyg\/wp-json\/wp\/v2\/tags?post=3327"}],"curies":[{"name":"wp","href":"https:\/\/api.w.org\/{rel}","templated":true}]}}