{"id":2909,"date":"2013-04-14T21:18:33","date_gmt":"2013-04-14T18:18:33","guid":{"rendered":"http:\/\/www.elainklinikkakotisalo.fi\/milfeddyg\/?p=2909"},"modified":"2013-04-14T21:18:34","modified_gmt":"2013-04-14T18:18:34","slug":"kelmin-nollatilanne","status":"publish","type":"post","link":"http:\/\/www.elainklinikkakotisalo.fi\/milfeddyg\/kelmin-nollatilanne\/","title":{"rendered":"Kelmin nollatilanne"},"content":{"rendered":"<p>Viikonloppuna kisattiin omissa kisoissa. Kaksi rataa sek\u00e4 lauantaina ett\u00e4 sunnuntaina. Ne oli ensimm\u00e4iset kisat ilman Ettaa. Olin p\u00e4\u00e4tt\u00e4nyt, ett\u00e4 el\u00e4m\u00e4n tulee jatkua, vaikka vaikealta tuntui jo ilmottautuminen.<\/p>\n<p>Pystyin kuitenkin keskittym\u00e4\u00e4n ja virittym\u00e4\u00e4n hyvin ensimm\u00e4iselle radalle. Kelmi juoksi jokseenkin mukavaa vauhtia ja puhtaasti. Tuloksena puhdas nolla ja viides sija. Kelmin etenem\u00e4 oli 3,52m\/s. Maalissa oli tunteet pinnassa ja itkin yht\u00e4 aikaa ilosta ja surusta. Toiselle radalle en saanut en\u00e4\u00e4 Kelmi\u00e4 syttym\u00e4\u00e4n yht\u00e4 hyv\u00e4\u00e4n vauhtiin ja rytmi oli hakusessa. Tuloksena hylky. Tuija Kokkosen radat oli mukavan virtaavia ja sopivan vaikeita.<\/p>\n<p>Sunnuntaina tuomarina toimi Pertti Siimes. Kelmi taitaa olla viel\u00e4kin v\u00e4h\u00e4n &#8221;eksyksiss\u00e4&#8221; Ettan puuttuessa joukosta. Kelmi nimitt\u00e4in selv\u00e4stikin pelk\u00e4si isokokoista ja parrakasta Pertti\u00e4, joka agiradalla seisoi alkusuoran p\u00e4\u00e4ss\u00e4 l\u00e4hell\u00e4 puomin kontaktia. Kelmi j\u00e4i puomin p\u00e4\u00e4lle seisomaan ja k\u00e4veli hitaasti alakontaktille. Sit\u00e4 pelotti tulla kohti Pertti\u00e4. Sain sen vihdoin houkuteltua pois kontaktilta ja seuraavaksi se hohhaili putken suulla. Lopulta kiellon j\u00e4lkeen sain Kelmin menem\u00e4\u00e4n putkeen. Putken j\u00e4lkeen matka jatkui pois p\u00e4in Pertist\u00e4 niin Kelmikin sai v\u00e4h\u00e4n vauhtia t\u00f6pp\u00f6siin. Rytmi oli kuitenkin aivan hakusessa ja loppumatkasta tuli viel\u00e4 hylky Kelmin ohjautuessa v\u00e4\u00e4r\u00e4lle puolelle estett\u00e4.<\/p>\n<p>Hyppyradan l\u00e4ht\u00f6linjallakin Kelmi tuijotteli peloissaan tuomari-Pertti\u00e4. Sain siihen kuitenkin kontaktin ja rauhoittelin poikaa. Alku meni varovaisen hitaasti, kunnes p\u00e4\u00e4simme ohi tuomarin. Loppu meni kohtalaisen mukavaa vauhtia ja tuloksena nollarata 4,4s yliajalla. Sijoitus 4. Pertin radat olivat my\u00f6s tosi\u00a0 miellytt\u00e4v\u00e4t. Radat olivat virtaavia ja luonnollisen oloisia. Sekaan oli kuitenkin piilotettu riitt\u00e4v\u00e4sti tarkkuutta vaativia kohtia.<\/p>\n<p>Viikonlopun saldo oli siis yksi &#8221;oikea nolla&#8221;, yksi yliaikanolla ja kaksi hylky\u00e4. Yhteens\u00e4 SM- kisoihin vaadittavista 7 nollasta on nyt kasassa 5 kpl.<\/p>\n<p>Kev\u00e4\u00e4n suunnitelmissa on kisata kohtuullisesti. SM nollat tulevat jos ovat tullakseen, ne eiv\u00e4t ole varsinaisesti tavoitteena. Kisaamista on tarkoitus jatkaa Kelmin ehdoilla sen verran, ett\u00e4 tuntuma lajiin s\u00e4ilyy. My\u00f6s rallytokoa aletaan taas treenata ja k\u00e4yd\u00e4\u00e4n kev\u00e4\u00e4n mittaan jossain kisoissakin.<\/p>\n<div id=\"attachment_2910\" style=\"width: 310px\" class=\"wp-caption aligncenter\"><a href=\"http:\/\/www.elainklinikkakotisalo.fi\/milfeddyg\/kelmin-nollatilanne\/img_4748\/\" rel=\"attachment wp-att-2910\"><img loading=\"lazy\" decoding=\"async\" aria-describedby=\"caption-attachment-2910\" class=\"size-medium wp-image-2910\" title=\"IMG_4748\" src=\"http:\/\/www.elainklinikkakotisalo.fi\/milfeddyg\/wp-content\/uploads\/2013\/04\/IMG_4748-300x200.jpg\" alt=\"\" width=\"300\" height=\"200\" srcset=\"http:\/\/www.elainklinikkakotisalo.fi\/milfeddyg\/wp-content\/uploads\/2013\/04\/IMG_4748-300x200.jpg 300w, http:\/\/www.elainklinikkakotisalo.fi\/milfeddyg\/wp-content\/uploads\/2013\/04\/IMG_4748.jpg 1024w\" sizes=\"auto, (max-width: 300px) 100vw, 300px\" \/><\/a><p id=\"caption-attachment-2910\" class=\"wp-caption-text\">Kaarina Leivisk\u00e4n maalaama taulu Kelmist\u00e4<\/p><\/div>\n<p>&nbsp;<\/p>\n","protected":false},"excerpt":{"rendered":"<p>Viikonloppuna kisattiin omissa kisoissa. Kaksi rataa sek\u00e4 lauantaina ett\u00e4 sunnuntaina. Ne oli ensimm\u00e4iset kisat ilman Ettaa. Olin p\u00e4\u00e4tt\u00e4nyt, ett\u00e4 el\u00e4m\u00e4n tulee jatkua, vaikka vaikealta tuntui jo ilmottautuminen. Pystyin kuitenkin keskittym\u00e4\u00e4n ja virittym\u00e4\u00e4n hyvin ensimm\u00e4iselle radalle. Kelmi juoksi jokseenkin mukavaa vauhtia ja puhtaasti. Tuloksena puhdas nolla ja viides sija. Kelmin etenem\u00e4 oli 3,52m\/s. Maalissa oli tunteet [&hellip;]<\/p>\n","protected":false},"author":3,"featured_media":0,"comment_status":"open","ping_status":"open","sticky":false,"template":"","format":"standard","meta":{"footnotes":""},"categories":[1],"tags":[],"class_list":["post-2909","post","type-post","status-publish","format-standard","hentry","category-blogi"],"_links":{"self":[{"href":"http:\/\/www.elainklinikkakotisalo.fi\/milfeddyg\/wp-json\/wp\/v2\/posts\/2909","targetHints":{"allow":["GET"]}}],"collection":[{"href":"http:\/\/www.elainklinikkakotisalo.fi\/milfeddyg\/wp-json\/wp\/v2\/posts"}],"about":[{"href":"http:\/\/www.elainklinikkakotisalo.fi\/milfeddyg\/wp-json\/wp\/v2\/types\/post"}],"author":[{"embeddable":true,"href":"http:\/\/www.elainklinikkakotisalo.fi\/milfeddyg\/wp-json\/wp\/v2\/users\/3"}],"replies":[{"embeddable":true,"href":"http:\/\/www.elainklinikkakotisalo.fi\/milfeddyg\/wp-json\/wp\/v2\/comments?post=2909"}],"version-history":[{"count":2,"href":"http:\/\/www.elainklinikkakotisalo.fi\/milfeddyg\/wp-json\/wp\/v2\/posts\/2909\/revisions"}],"predecessor-version":[{"id":2912,"href":"http:\/\/www.elainklinikkakotisalo.fi\/milfeddyg\/wp-json\/wp\/v2\/posts\/2909\/revisions\/2912"}],"wp:attachment":[{"href":"http:\/\/www.elainklinikkakotisalo.fi\/milfeddyg\/wp-json\/wp\/v2\/media?parent=2909"}],"wp:term":[{"taxonomy":"category","embeddable":true,"href":"http:\/\/www.elainklinikkakotisalo.fi\/milfeddyg\/wp-json\/wp\/v2\/categories?post=2909"},{"taxonomy":"post_tag","embeddable":true,"href":"http:\/\/www.elainklinikkakotisalo.fi\/milfeddyg\/wp-json\/wp\/v2\/tags?post=2909"}],"curies":[{"name":"wp","href":"https:\/\/api.w.org\/{rel}","templated":true}]}}